{"id":81508,"date":"2019-01-18T09:45:08","date_gmt":"2019-01-18T12:45:08","guid":{"rendered":"http:\/\/www.caririemacao.com\/1\/?p=81508"},"modified":"2019-01-18T09:45:11","modified_gmt":"2019-01-18T12:45:11","slug":"infarto-provoca-a-morte-de-cantor-sertanejo-aos-67-anos","status":"publish","type":"post","link":"https:\/\/www.caririemacao.com\/1\/2019\/01\/18\/infarto-provoca-a-morte-de-cantor-sertanejo-aos-67-anos\/","title":{"rendered":"Infarto provoca a morte de cantor sertanejo aos 67 anos"},"content":{"rendered":"\n<p>S\u00c3O PAULO, SP (FOLHAPRESS) \u2013 O cantor sertanejo Jos\u00e9 Marciano, da antiga dupla Jo\u00e3o Mineiro e Marciano, morreu na madrugada desta sexta-feira (18), aos 67 anos.<\/p>\n\n\n\n<p>Ele foi v\u00edtima de um infarto enquanto dormia em sua casa, em S\u00e3o Caetano, por volta das 2h da manh\u00e3. A informa\u00e7\u00e3o foi confirmada&nbsp;por familiares do cantor e em suas redes sociais.<\/p>\n\n\n\n<p>\u201c\u00c9 com imenso pesar que, em nota, confirmamos o falecimento do cantor Marciano, o Inimit\u00e1vel. Em breve, divulgaremos mais informa\u00e7\u00f5es. Nesse momento, agradecemos o carinho de todos e pedimos ora\u00e7\u00f5es \u00e0 fam\u00edlia\u201d, diz o comunicado.<\/p>\n\n\n\n<p>Segundo familiares, ele n\u00e3o apresentava nenhum problema grave de sa\u00fade.<\/p>\n\n\n\n<p>Jos\u00e9 Marciano&nbsp;nasceu em 1951 na cidade de Bauru, no interior de S\u00e3o Paulo.<\/p>\n\n\n\n<p>Ele come\u00e7ou a&nbsp;carreira musical ainda crian\u00e7a, cantando com o pai.<\/p>\n\n\n\n<p>Dono de voz inconfund\u00edvel, ficou conhecido como \u201cO Inimit\u00e1vel\u201d, por conta de sua parceria com Jo\u00e3o Mineiro desde os anos 1970.<\/p>\n\n\n\n<p>Os artistas venderam mais de 12 milh\u00f5es de discos e s\u00e3o considerados precursores do sertanejo rom\u00e2ntico.<\/p>\n\n\n\n<p>Marciano foi reconhecido n\u00e3o s\u00f3 como cantor, mas tamb\u00e9m como compositor. S\u00e3o dele sucessos como \u201cFio de Cabelo\u201d, \u201cCrises de Amor\u201d e&nbsp;\u201cParedes Azuis\u201d.<\/p>\n\n\n\n<p>Em 1993, Marciano resolveu seguir carreira solo, onde permaneceu por mais de 20 anos viajando o mundo inteiro com seus sucessos.<\/p>\n\n\n\n<p>Ap\u00f3s a morte de Jo\u00e3o Mineiro, em 2012, Marciano iniciou um projeto ao lado de Milion\u00e1rio, que havia perdido a dupla Jos\u00e9 Rico, que morreu em 2015.<\/p>\n\n\n\n<p>O projeto dos dois foi chamado de \u201cLendas\u201d e virou um DVD gravado em 2015 e lan\u00e7ado em 2016.<\/p>\n\n\n\n<p>O filho do cantor, Fabiano Martins, postou no Instagram uma nota em que lamenta a morte dele.<\/p>\n\n\n\n<p>Fabiano n\u00e3o tinha boa rela\u00e7\u00e3o com o pai, que s\u00f3 o reconheceu como filho ap\u00f3s um teste de DNA no Programa do Ratinho, em 1997, e outro em 2014, tamb\u00e9m em um programa televisivo.<\/p>\n\n\n\n<p>Em 2016, Marciano processou Fabiano por danos morais ap\u00f3s uma publica\u00e7\u00e3o do filho no Facebook; no processo, ele pedia indeniza\u00e7\u00e3o de R$ 20 mil.<\/p>\n\n\n\n<p>\u201cTodos que me conhecem sabem da p\u00e9ssima rela\u00e7\u00e3o que eu tinha com meu pai, mas estou muito triste com essa not\u00edcia. Por mais que \u00e9ramos afastado, mas era meu pai. Morre um dos maiores cantores sertanejo desse pa\u00eds. E \u00e9 com uma imensa tristeza que informo aos meus amigos que meu pai sofreu um infarto fulminante nessa madrugada e foi morar com Deus. Jo\u00e3o Mineiro e Marciano ficar\u00e1 eternizado em nossos cora\u00e7\u00f5es.\u201d<\/p>\n\n\n\n<p>Ainda n\u00e3o h\u00e1 informa\u00e7\u00f5es sobre o vel\u00f3rio e o enterro.<\/p>\n\n\n\n<p>Paraiba Online<\/p>\n","protected":false},"excerpt":{"rendered":"<p>S\u00c3O PAULO, SP (FOLHAPRESS) \u2013 O cantor sertanejo Jos\u00e9 Marciano, da antiga dupla Jo\u00e3o Mineiro e Marciano, morreu na madrugada desta sexta-feira (18), aos 67&hellip; <\/p>\n","protected":false},"author":1,"featured_media":81509,"comment_status":"closed","ping_status":"closed","sticky":false,"template":"","format":"standard","meta":{"sfsi_plus_gutenberg_text_before_share":"","sfsi_plus_gutenberg_show_text_before_share":"","sfsi_plus_gutenberg_icon_type":"","sfsi_plus_gutenberg_icon_alignemt":"","sfsi_plus_gutenburg_max_per_row":"","footnotes":""},"categories":[2],"tags":[],"class_list":["post-81508","post","type-post","status-publish","format-standard","has-post-thumbnail","hentry","category-geral"],"_links":{"self":[{"href":"https:\/\/www.caririemacao.com\/1\/wp-json\/wp\/v2\/posts\/81508","targetHints":{"allow":["GET"]}}],"collection":[{"href":"https:\/\/www.caririemacao.com\/1\/wp-json\/wp\/v2\/posts"}],"about":[{"href":"https:\/\/www.caririemacao.com\/1\/wp-json\/wp\/v2\/types\/post"}],"author":[{"embeddable":true,"href":"https:\/\/www.caririemacao.com\/1\/wp-json\/wp\/v2\/users\/1"}],"replies":[{"embeddable":true,"href":"https:\/\/www.caririemacao.com\/1\/wp-json\/wp\/v2\/comments?post=81508"}],"version-history":[{"count":1,"href":"https:\/\/www.caririemacao.com\/1\/wp-json\/wp\/v2\/posts\/81508\/revisions"}],"predecessor-version":[{"id":81510,"href":"https:\/\/www.caririemacao.com\/1\/wp-json\/wp\/v2\/posts\/81508\/revisions\/81510"}],"wp:featuredmedia":[{"embeddable":true,"href":"https:\/\/www.caririemacao.com\/1\/wp-json\/wp\/v2\/media\/81509"}],"wp:attachment":[{"href":"https:\/\/www.caririemacao.com\/1\/wp-json\/wp\/v2\/media?parent=81508"}],"wp:term":[{"taxonomy":"category","embeddable":true,"href":"https:\/\/www.caririemacao.com\/1\/wp-json\/wp\/v2\/categories?post=81508"},{"taxonomy":"post_tag","embeddable":true,"href":"https:\/\/www.caririemacao.com\/1\/wp-json\/wp\/v2\/tags?post=81508"}],"curies":[{"name":"wp","href":"https:\/\/api.w.org\/{rel}","templated":true}]}}