{"id":81511,"date":"2019-01-18T09:48:35","date_gmt":"2019-01-18T12:48:35","guid":{"rendered":"http:\/\/www.caririemacao.com\/1\/?p=81511"},"modified":"2019-01-18T09:48:40","modified_gmt":"2019-01-18T12:48:40","slug":"cagepa-anuncia-aumento-das-tarifas-de-agua-e-esgoto-nesta-sexta","status":"publish","type":"post","link":"https:\/\/www.caririemacao.com\/1\/2019\/01\/18\/cagepa-anuncia-aumento-das-tarifas-de-agua-e-esgoto-nesta-sexta\/","title":{"rendered":"Cagepa anuncia aumento das tarifas de \u00e1gua e esgoto nesta sexta"},"content":{"rendered":"\n<p>A Companhia de \u00c1guas e Esgoto da Para\u00edba (Cagepa) deve anunciar nesta sexta-feira (18) o reajuste na tarifa de abastecimento de \u00e1gua e coleta de esgotos na Para\u00edba. Uma audi\u00eancia p\u00fablica acontece nesta sexta, a partir das 14h, no audit\u00f3rio da Companhia de Desenvolvimento da Para\u00edba (Cinep), no bairro de Jaguaribe, em Jo\u00e3o Pessoa, para definir o percentual do reajuste.<\/p>\n\n\n\n<p>Conforme publica\u00e7\u00e3o do Di\u00e1rio Oficial do Estado da Para\u00edba (DOE), a audi\u00eancia, aberta ao p\u00fablico que se inscreveu para participar com anteced\u00eancia de 48 horas, tem o objetivo de dar conhecimento e fundamentar a proposta de reajuste das tarifas nas cidades em que a Cagepa opera.<\/p>\n\n\n\n<p>Ainda de acordo com a Cagepa, os novos valores s\u00f3 entram em vigor ap\u00f3s aprova\u00e7\u00e3o da Ag\u00eancia de Regula\u00e7\u00e3o do Estado da Para\u00edba (ARPB) e da publica\u00e7\u00e3o dos novos valores no DOE.<\/p>\n\n\n\n<p>Em 2018, a Cagepa aumentou em 2,9% as tarifas de dos servi\u00e7os p\u00fablicos de abastecimento de \u00e1gua e esgotamento sanit\u00e1rio, exatamente o valor definido na audi\u00eancia p\u00fablica realizada em janeiro do ano passado e que foi somente ratificada pela ARPB.<\/p>\n\n\n\n<p>\u00c0 \u00e9poca, a Cagepa justificou que os novos valores levam em considera\u00e7\u00e3o fatores como custo da energia el\u00e9trica e dos produtos qu\u00edmicos usados no tratamento de \u00e1gua. O aumento da tarifa \u00e9 realizado anualmente. Em fevereiro de 2017, o aumento da taxa foi 12,39%.<\/p>\n\n\n\n<p>G1<\/p>\n","protected":false},"excerpt":{"rendered":"<p>A Companhia de \u00c1guas e Esgoto da Para\u00edba (Cagepa) deve anunciar nesta sexta-feira (18) o reajuste na tarifa de abastecimento de \u00e1gua e coleta de&hellip; <\/p>\n","protected":false},"author":1,"featured_media":18051,"comment_status":"closed","ping_status":"closed","sticky":false,"template":"","format":"standard","meta":{"sfsi_plus_gutenberg_text_before_share":"","sfsi_plus_gutenberg_show_text_before_share":"","sfsi_plus_gutenberg_icon_type":"","sfsi_plus_gutenberg_icon_alignemt":"","sfsi_plus_gutenburg_max_per_row":"","footnotes":""},"categories":[2],"tags":[],"class_list":["post-81511","post","type-post","status-publish","format-standard","has-post-thumbnail","hentry","category-geral"],"_links":{"self":[{"href":"https:\/\/www.caririemacao.com\/1\/wp-json\/wp\/v2\/posts\/81511","targetHints":{"allow":["GET"]}}],"collection":[{"href":"https:\/\/www.caririemacao.com\/1\/wp-json\/wp\/v2\/posts"}],"about":[{"href":"https:\/\/www.caririemacao.com\/1\/wp-json\/wp\/v2\/types\/post"}],"author":[{"embeddable":true,"href":"https:\/\/www.caririemacao.com\/1\/wp-json\/wp\/v2\/users\/1"}],"replies":[{"embeddable":true,"href":"https:\/\/www.caririemacao.com\/1\/wp-json\/wp\/v2\/comments?post=81511"}],"version-history":[{"count":1,"href":"https:\/\/www.caririemacao.com\/1\/wp-json\/wp\/v2\/posts\/81511\/revisions"}],"predecessor-version":[{"id":81512,"href":"https:\/\/www.caririemacao.com\/1\/wp-json\/wp\/v2\/posts\/81511\/revisions\/81512"}],"wp:featuredmedia":[{"embeddable":true,"href":"https:\/\/www.caririemacao.com\/1\/wp-json\/wp\/v2\/media\/18051"}],"wp:attachment":[{"href":"https:\/\/www.caririemacao.com\/1\/wp-json\/wp\/v2\/media?parent=81511"}],"wp:term":[{"taxonomy":"category","embeddable":true,"href":"https:\/\/www.caririemacao.com\/1\/wp-json\/wp\/v2\/categories?post=81511"},{"taxonomy":"post_tag","embeddable":true,"href":"https:\/\/www.caririemacao.com\/1\/wp-json\/wp\/v2\/tags?post=81511"}],"curies":[{"name":"wp","href":"https:\/\/api.w.org\/{rel}","templated":true}]}}