{"id":81518,"date":"2019-01-18T09:57:46","date_gmt":"2019-01-18T12:57:46","guid":{"rendered":"http:\/\/www.caririemacao.com\/1\/?p=81518"},"modified":"2019-01-18T09:57:51","modified_gmt":"2019-01-18T12:57:51","slug":"chuva-e-vendaval-causa-destruicao-em-cidades-do-sertao-paraibano-e-assusta-moradores","status":"publish","type":"post","link":"https:\/\/www.caririemacao.com\/1\/2019\/01\/18\/chuva-e-vendaval-causa-destruicao-em-cidades-do-sertao-paraibano-e-assusta-moradores\/","title":{"rendered":"Chuva e vendaval causa destrui\u00e7\u00e3o em cidades do Sert\u00e3o paraibano e assusta moradores"},"content":{"rendered":"\n<p>Um vendaval que durou poucos minutos foi suficiente para causar destrui\u00e7\u00e3o nas cidades de Cajazeiras e Sousa, no Sert\u00e3o paraibano, na noite desta quinta-feira (17). As fortes chuvas e ventania tamb\u00e9m assustaram moradores cidades do Vale do Pianc\u00f3, a exemplo de Itaporanga e Boa Ventura<\/p>\n\n\n\n<p>Os maiores estragos foram registrados em Sousa, onde moradores gravaram com seus celulares alguns pontos de alagamento e pr\u00e9dios comerciais que foram danificados. V\u00e1rias placas e toldos vieram abaixo.<\/p>\n\n\n\n<p>J\u00e1 em Cajazeiras a chuva foi menos intensa, mas parte da fachada de um supermercado que fica em frente ao Hospital Regional tamb\u00e9m desabou.<\/p>\n\n\n\n<p>Segundo previs\u00f5es do f\u00edsico e meteorologista Rodrigo C\u00e9zar Limeira, chuvas isoladas s\u00e3o esperadas nas regi\u00f5es de Sousa e Cajazeiras entre quinta-feira e domingo (20).<\/p>\n\n\n\n<figure class=\"wp-block-image\"><a href=\"https:\/\/www.diariodosertao.com.br\/noticias\/cidades\/345361\/videos-chuva-com-vendaval-causa-destruicao-de-predios-em-cajazeiras-e-sousa-e-assusta-moradores.html\/attachment\/whatsapp-image-2019-01-17-at-23-18-41\"><img decoding=\"async\" data-src=\"https:\/\/i2.wp.com\/www.diariodosertao.com.br\/wp-content\/uploads\/2019\/01\/whatsapp-image-2019-01-17-at-23-18-41.jpeg?fit=300%2C225&amp;quality=90&amp;strip=all&amp;ssl=1\" alt=\"\" src=\"data:image\/svg+xml;base64,PHN2ZyB3aWR0aD0iMSIgaGVpZ2h0PSIxIiB4bWxucz0iaHR0cDovL3d3dy53My5vcmcvMjAwMC9zdmciPjwvc3ZnPg==\" class=\"lazyload\" \/><\/a><\/figure>\n\n\n\n<figure class=\"wp-block-image\"><a href=\"https:\/\/www.diariodosertao.com.br\/noticias\/cidades\/345361\/videos-chuva-com-vendaval-causa-destruicao-de-predios-em-cajazeiras-e-sousa-e-assusta-moradores.html\/attachment\/whatsapp-image-2019-01-17-at-23-18-42\"><img decoding=\"async\" data-src=\"https:\/\/i2.wp.com\/www.diariodosertao.com.br\/wp-content\/uploads\/2019\/01\/whatsapp-image-2019-01-17-at-23-18-42.jpeg?fit=169%2C300&amp;quality=90&amp;strip=all&amp;ssl=1\" alt=\"\" src=\"data:image\/svg+xml;base64,PHN2ZyB3aWR0aD0iMSIgaGVpZ2h0PSIxIiB4bWxucz0iaHR0cDovL3d3dy53My5vcmcvMjAwMC9zdmciPjwvc3ZnPg==\" class=\"lazyload\" \/><\/a><\/figure>\n\n\n\n<figure class=\"wp-block-image\"><a href=\"https:\/\/www.diariodosertao.com.br\/noticias\/cidades\/345361\/videos-chuva-com-vendaval-causa-destruicao-de-predios-em-cajazeiras-e-sousa-e-assusta-moradores.html\/attachment\/whatsapp-image-2019-01-17-at-23-18-43\"><img decoding=\"async\" data-src=\"https:\/\/i2.wp.com\/www.diariodosertao.com.br\/wp-content\/uploads\/2019\/01\/whatsapp-image-2019-01-17-at-23-18-43.jpeg?fit=300%2C225&amp;quality=90&amp;strip=all&amp;ssl=1\" alt=\"\" src=\"data:image\/svg+xml;base64,PHN2ZyB3aWR0aD0iMSIgaGVpZ2h0PSIxIiB4bWxucz0iaHR0cDovL3d3dy53My5vcmcvMjAwMC9zdmciPjwvc3ZnPg==\" class=\"lazyload\" \/><\/a><\/figure>\n\n\n\n<figure class=\"wp-block-image\"><a href=\"https:\/\/www.diariodosertao.com.br\/noticias\/cidades\/345361\/videos-chuva-com-vendaval-causa-destruicao-de-predios-em-cajazeiras-e-sousa-e-assusta-moradores.html\/attachment\/whatsapp-image-2019-01-18-at-00-54-33-1\"><img decoding=\"async\" data-src=\"https:\/\/i0.wp.com\/www.diariodosertao.com.br\/wp-content\/uploads\/2019\/01\/whatsapp-image-2019-01-18-at-00-54-33-1.jpeg?fit=300%2C169&amp;quality=90&amp;strip=all&amp;ssl=1\" alt=\"\" src=\"data:image\/svg+xml;base64,PHN2ZyB3aWR0aD0iMSIgaGVpZ2h0PSIxIiB4bWxucz0iaHR0cDovL3d3dy53My5vcmcvMjAwMC9zdmciPjwvc3ZnPg==\" class=\"lazyload\" \/><\/a><\/figure>\n\n\n\n<figure class=\"wp-block-image\"><a href=\"https:\/\/www.diariodosertao.com.br\/noticias\/cidades\/345361\/videos-chuva-com-vendaval-causa-destruicao-de-predios-em-cajazeiras-e-sousa-e-assusta-moradores.html\/attachment\/whatsapp-image-2019-01-18-at-00-54-33-2\"><img decoding=\"async\" data-src=\"https:\/\/i0.wp.com\/www.diariodosertao.com.br\/wp-content\/uploads\/2019\/01\/whatsapp-image-2019-01-18-at-00-54-33-2.jpeg?fit=225%2C300&amp;quality=90&amp;strip=all&amp;ssl=1\" alt=\"\" src=\"data:image\/svg+xml;base64,PHN2ZyB3aWR0aD0iMSIgaGVpZ2h0PSIxIiB4bWxucz0iaHR0cDovL3d3dy53My5vcmcvMjAwMC9zdmciPjwvc3ZnPg==\" class=\"lazyload\" \/><\/a><\/figure>\n\n\n\n<figure class=\"wp-block-image\"><a href=\"https:\/\/www.diariodosertao.com.br\/noticias\/cidades\/345361\/videos-chuva-com-vendaval-causa-destruicao-de-predios-em-cajazeiras-e-sousa-e-assusta-moradores.html\/attachment\/whatsapp-image-2019-01-18-at-00-54-33\"><img decoding=\"async\" data-src=\"https:\/\/i2.wp.com\/www.diariodosertao.com.br\/wp-content\/uploads\/2019\/01\/whatsapp-image-2019-01-18-at-00-54-33.jpeg?fit=300%2C169&amp;quality=90&amp;strip=all&amp;ssl=1\" alt=\"\" src=\"data:image\/svg+xml;base64,PHN2ZyB3aWR0aD0iMSIgaGVpZ2h0PSIxIiB4bWxucz0iaHR0cDovL3d3dy53My5vcmcvMjAwMC9zdmciPjwvc3ZnPg==\" class=\"lazyload\" \/><\/a><\/figure>\n\n\n\n<p>T\u00e1 Na \u00c1rea<\/p>\n","protected":false},"excerpt":{"rendered":"<p>Um vendaval que durou poucos minutos foi suficiente para causar destrui\u00e7\u00e3o nas cidades de Cajazeiras e Sousa, no Sert\u00e3o paraibano, na noite desta quinta-feira (17).&hellip; <\/p>\n","protected":false},"author":1,"featured_media":79584,"comment_status":"closed","ping_status":"closed","sticky":false,"template":"","format":"standard","meta":{"sfsi_plus_gutenberg_text_before_share":"","sfsi_plus_gutenberg_show_text_before_share":"","sfsi_plus_gutenberg_icon_type":"","sfsi_plus_gutenberg_icon_alignemt":"","sfsi_plus_gutenburg_max_per_row":"","footnotes":""},"categories":[2],"tags":[],"class_list":["post-81518","post","type-post","status-publish","format-standard","has-post-thumbnail","hentry","category-geral"],"_links":{"self":[{"href":"https:\/\/www.caririemacao.com\/1\/wp-json\/wp\/v2\/posts\/81518","targetHints":{"allow":["GET"]}}],"collection":[{"href":"https:\/\/www.caririemacao.com\/1\/wp-json\/wp\/v2\/posts"}],"about":[{"href":"https:\/\/www.caririemacao.com\/1\/wp-json\/wp\/v2\/types\/post"}],"author":[{"embeddable":true,"href":"https:\/\/www.caririemacao.com\/1\/wp-json\/wp\/v2\/users\/1"}],"replies":[{"embeddable":true,"href":"https:\/\/www.caririemacao.com\/1\/wp-json\/wp\/v2\/comments?post=81518"}],"version-history":[{"count":1,"href":"https:\/\/www.caririemacao.com\/1\/wp-json\/wp\/v2\/posts\/81518\/revisions"}],"predecessor-version":[{"id":81519,"href":"https:\/\/www.caririemacao.com\/1\/wp-json\/wp\/v2\/posts\/81518\/revisions\/81519"}],"wp:featuredmedia":[{"embeddable":true,"href":"https:\/\/www.caririemacao.com\/1\/wp-json\/wp\/v2\/media\/79584"}],"wp:attachment":[{"href":"https:\/\/www.caririemacao.com\/1\/wp-json\/wp\/v2\/media?parent=81518"}],"wp:term":[{"taxonomy":"category","embeddable":true,"href":"https:\/\/www.caririemacao.com\/1\/wp-json\/wp\/v2\/categories?post=81518"},{"taxonomy":"post_tag","embeddable":true,"href":"https:\/\/www.caririemacao.com\/1\/wp-json\/wp\/v2\/tags?post=81518"}],"curies":[{"name":"wp","href":"https:\/\/api.w.org\/{rel}","templated":true}]}}