{"id":81523,"date":"2019-01-18T10:05:18","date_gmt":"2019-01-18T13:05:18","guid":{"rendered":"http:\/\/www.caririemacao.com\/1\/?p=81523"},"modified":"2019-01-18T10:05:20","modified_gmt":"2019-01-18T13:05:20","slug":"santuario-de-n-s-dos-milagres-abraca-a-causa-e-promovera-ato-pedindo-o-retorno-do-detran-para-sao-joao-do-cariri","status":"publish","type":"post","link":"https:\/\/www.caririemacao.com\/1\/2019\/01\/18\/santuario-de-n-s-dos-milagres-abraca-a-causa-e-promovera-ato-pedindo-o-retorno-do-detran-para-sao-joao-do-cariri\/","title":{"rendered":"Santu\u00e1rio de N S dos Milagres \u2018abra\u00e7a a causa\u2019 e promover\u00e1 ato pedindo o retorno do Detran para S\u00e3o Jo\u00e3o do Cariri"},"content":{"rendered":"\n<p><strong>EXCLUSIVO:<\/strong>&nbsp;Ap\u00f3s a classe pol\u00edtica de S\u00e3o Jo\u00e3o do Cariri se unir e decidir realizar manifestos atrav\u00e9s de audi\u00eancia p\u00fablica em prol da volta do Posto do Detran para o munic\u00edpio, a comunidade cat\u00f3lica tamb\u00e9m resolveu \u2018abra\u00e7ar a causa\u2019 e j\u00e1 prepara um grande manifesto de apoio na cidade.<\/p>\n\n\n\n<p>O Santu\u00e1rio de Nossa Senhora dos Milagres atrav\u00e9s de seu Reitor, Padre Assis Meira, j\u00e1 articula com os fi\u00e9is cat\u00f3licos, uma grande manifesta\u00e7\u00e3o para o pr\u00f3ximo domingo, dia 20 de Janeiro.<\/p>\n\n\n\n<p>O Padre Assis Meira j\u00e1 se pronunciou atrav\u00e9s de suas redes sociais pedindo o engajamento de toda a popula\u00e7\u00e3o de S\u00e3o Jo\u00e3o do Cariri para mobilizar e sensibilizar as autoridades competentes pela decis\u00e3o de reativar o Posto do Detran para a cidade \u2018M\u00e3e do Cariri\u2019.<\/p>\n\n\n\n<p>Os paroquianos ir\u00e3o se reunir na manh\u00e3 do domingo (20) no centro pastoral para articularem todo o cronograma da mobiliza\u00e7\u00e3o, que ser\u00e1 realizada ap\u00f3s a celebra\u00e7\u00e3o eucar\u00edstica na noite do mesmo domingo.<\/p>\n\n\n\n<p>J\u00e1 \u00e9 aguardado pela organiza\u00e7\u00e3o um grande manifesto e buzinasso pelas ruas da cidade e todos os propriet\u00e1rios de carros e motos j\u00e1 est\u00e3o sendo convidados pela comunidade cat\u00f3lica.<\/p>\n\n\n\n<p><strong>De Olho no Cariri<\/strong><\/p>\n","protected":false},"excerpt":{"rendered":"<p>EXCLUSIVO:&nbsp;Ap\u00f3s a classe pol\u00edtica de S\u00e3o Jo\u00e3o do Cariri se unir e decidir realizar manifestos atrav\u00e9s de audi\u00eancia p\u00fablica em prol da volta do Posto&hellip; <\/p>\n","protected":false},"author":1,"featured_media":81524,"comment_status":"closed","ping_status":"closed","sticky":false,"template":"","format":"standard","meta":{"sfsi_plus_gutenberg_text_before_share":"","sfsi_plus_gutenberg_show_text_before_share":"","sfsi_plus_gutenberg_icon_type":"","sfsi_plus_gutenberg_icon_alignemt":"","sfsi_plus_gutenburg_max_per_row":"","footnotes":""},"categories":[6],"tags":[],"class_list":["post-81523","post","type-post","status-publish","format-standard","has-post-thumbnail","hentry","category-cidades"],"_links":{"self":[{"href":"https:\/\/www.caririemacao.com\/1\/wp-json\/wp\/v2\/posts\/81523","targetHints":{"allow":["GET"]}}],"collection":[{"href":"https:\/\/www.caririemacao.com\/1\/wp-json\/wp\/v2\/posts"}],"about":[{"href":"https:\/\/www.caririemacao.com\/1\/wp-json\/wp\/v2\/types\/post"}],"author":[{"embeddable":true,"href":"https:\/\/www.caririemacao.com\/1\/wp-json\/wp\/v2\/users\/1"}],"replies":[{"embeddable":true,"href":"https:\/\/www.caririemacao.com\/1\/wp-json\/wp\/v2\/comments?post=81523"}],"version-history":[{"count":1,"href":"https:\/\/www.caririemacao.com\/1\/wp-json\/wp\/v2\/posts\/81523\/revisions"}],"predecessor-version":[{"id":81525,"href":"https:\/\/www.caririemacao.com\/1\/wp-json\/wp\/v2\/posts\/81523\/revisions\/81525"}],"wp:featuredmedia":[{"embeddable":true,"href":"https:\/\/www.caririemacao.com\/1\/wp-json\/wp\/v2\/media\/81524"}],"wp:attachment":[{"href":"https:\/\/www.caririemacao.com\/1\/wp-json\/wp\/v2\/media?parent=81523"}],"wp:term":[{"taxonomy":"category","embeddable":true,"href":"https:\/\/www.caririemacao.com\/1\/wp-json\/wp\/v2\/categories?post=81523"},{"taxonomy":"post_tag","embeddable":true,"href":"https:\/\/www.caririemacao.com\/1\/wp-json\/wp\/v2\/tags?post=81523"}],"curies":[{"name":"wp","href":"https:\/\/api.w.org\/{rel}","templated":true}]}}