{"id":81534,"date":"2019-01-18T10:17:08","date_gmt":"2019-01-18T13:17:08","guid":{"rendered":"http:\/\/www.caririemacao.com\/1\/?p=81534"},"modified":"2019-01-18T10:17:13","modified_gmt":"2019-01-18T13:17:13","slug":"chuva-forte-com-ventos-e-granizo-atinge-cidades-do-cariri-paraibano","status":"publish","type":"post","link":"https:\/\/www.caririemacao.com\/1\/2019\/01\/18\/chuva-forte-com-ventos-e-granizo-atinge-cidades-do-cariri-paraibano\/","title":{"rendered":"Chuva forte com ventos e granizo atinge cidades do Cariri paraibano"},"content":{"rendered":"\n<p>Uma forte chuva com ventos, rel\u00e2mpagos e trov\u00f5es foi registrada entre o final da tarde e in\u00edcio de noite nesta quinta-feira (17), na cidade de Monteiro, no Cariri Paraibano.&nbsp;<\/p>\n\n\n\n<p>A chuva provocou alguns estragos, como a queda de uma parede de uma loja de ve\u00edculos localizada \u00e0s margens da BR-412. N\u00e3o houve feridos, e apenas danos materiais.&nbsp;<\/p>\n\n\n\n<p>Tamb\u00e9m foi registrada a queda de \u00e1rvores em alguns pontos da cidade, por\u00e9m, uma equipe da prefeitura municipal j\u00e1 est\u00e1 desobstruindo as vias e garantindo a passagens dos ve\u00edculos. Na Vila Popular, algumas ruas ficaram sem energia el\u00e9trica, mas a empresa respons\u00e1vel foi acionada e esta solucionando o problema.&nbsp;<\/p>\n\n\n\n<p>Desde o in\u00edcio da chuva, o sinal da operadora de telefonia TIM, apresenta instabilidade. At\u00e9 o fechamento desta mat\u00e9ria, as 19h20, o sinal ainda n\u00e3o havia sido normalizado.<strong>C<\/strong><\/p>\n\n\n\n<p><strong>VITRINE<\/strong>&nbsp;<strong>DO<\/strong>&nbsp;<strong>CARIRI<\/strong>&nbsp;<\/p>\n","protected":false},"excerpt":{"rendered":"<p>Uma forte chuva com ventos, rel\u00e2mpagos e trov\u00f5es foi registrada entre o final da tarde e in\u00edcio de noite nesta quinta-feira (17), na cidade de&hellip; <\/p>\n","protected":false},"author":1,"featured_media":20696,"comment_status":"closed","ping_status":"closed","sticky":false,"template":"","format":"standard","meta":{"sfsi_plus_gutenberg_text_before_share":"","sfsi_plus_gutenberg_show_text_before_share":"","sfsi_plus_gutenberg_icon_type":"","sfsi_plus_gutenberg_icon_alignemt":"","sfsi_plus_gutenburg_max_per_row":"","footnotes":""},"categories":[6],"tags":[],"class_list":["post-81534","post","type-post","status-publish","format-standard","has-post-thumbnail","hentry","category-cidades"],"_links":{"self":[{"href":"https:\/\/www.caririemacao.com\/1\/wp-json\/wp\/v2\/posts\/81534","targetHints":{"allow":["GET"]}}],"collection":[{"href":"https:\/\/www.caririemacao.com\/1\/wp-json\/wp\/v2\/posts"}],"about":[{"href":"https:\/\/www.caririemacao.com\/1\/wp-json\/wp\/v2\/types\/post"}],"author":[{"embeddable":true,"href":"https:\/\/www.caririemacao.com\/1\/wp-json\/wp\/v2\/users\/1"}],"replies":[{"embeddable":true,"href":"https:\/\/www.caririemacao.com\/1\/wp-json\/wp\/v2\/comments?post=81534"}],"version-history":[{"count":1,"href":"https:\/\/www.caririemacao.com\/1\/wp-json\/wp\/v2\/posts\/81534\/revisions"}],"predecessor-version":[{"id":81535,"href":"https:\/\/www.caririemacao.com\/1\/wp-json\/wp\/v2\/posts\/81534\/revisions\/81535"}],"wp:featuredmedia":[{"embeddable":true,"href":"https:\/\/www.caririemacao.com\/1\/wp-json\/wp\/v2\/media\/20696"}],"wp:attachment":[{"href":"https:\/\/www.caririemacao.com\/1\/wp-json\/wp\/v2\/media?parent=81534"}],"wp:term":[{"taxonomy":"category","embeddable":true,"href":"https:\/\/www.caririemacao.com\/1\/wp-json\/wp\/v2\/categories?post=81534"},{"taxonomy":"post_tag","embeddable":true,"href":"https:\/\/www.caririemacao.com\/1\/wp-json\/wp\/v2\/tags?post=81534"}],"curies":[{"name":"wp","href":"https:\/\/api.w.org\/{rel}","templated":true}]}}