{"id":81536,"date":"2019-01-18T10:53:39","date_gmt":"2019-01-18T13:53:39","guid":{"rendered":"http:\/\/www.caririemacao.com\/1\/?p=81536"},"modified":"2019-01-18T10:53:45","modified_gmt":"2019-01-18T13:53:45","slug":"s-s-do-umbuzeiro-mantem-tradicao-da-missa-do-vaqueiro-e-pega-de-boi-no-mato","status":"publish","type":"post","link":"https:\/\/www.caririemacao.com\/1\/2019\/01\/18\/s-s-do-umbuzeiro-mantem-tradicao-da-missa-do-vaqueiro-e-pega-de-boi-no-mato\/","title":{"rendered":"S. S. do Umbuzeiro mant\u00e9m tradi\u00e7\u00e3o da missa do vaqueiro e pega de boi no mato"},"content":{"rendered":"\n<p>Algumas cenas s\u00f3 s\u00e3o vistas, apreciadas, registradas e admiradas em S\u00e3o Sebasti\u00e3o do Umbuzeiro e todos os anos a sua tradicional festa do padroeiro nos proporciona a oportunidade de nos depararmos com flagrantes de f\u00e9, cultura, emo\u00e7\u00e3o e tradi\u00e7\u00e3o.<\/p>\n\n\n\n<p>E este ano n\u00e3o foi diferente. Nesta quarta feira foi realizada a tradicional homenagem aos vaqueiros, atrav\u00e9s da 32\u00aa edi\u00e7\u00e3o da Missa do Vaqueiro e Pega de boi.<\/p>\n\n\n\n<p>O evento foi realizado no parque Santa \u00c1gueda e contou com a participa\u00e7\u00e3o de centenas de vaqueiros e vaqueiras de toda a regi\u00e3o do Cariri, interior de Pernambuco e outros pontos do estado e do pa\u00eds.<\/p>\n\n\n\n<p>Al\u00e9m da missa e da pega de boi houve a premia\u00e7\u00e3o para os vaqueiros, como por exemplo o mais jovem, o mais velho, o mais distante, as vaqueiras e outras categorias que receberam trof\u00e9us de participa\u00e7\u00e3o e uma premia\u00e7\u00e3o simb\u00f3lica.<\/p>\n\n\n\n<p>A programa\u00e7\u00e3o foi coordenada pelos \u201cnoiteiros\u201d, o vice prefeito do munic\u00edpio Chico de Mariano e fam\u00edlia, e Z\u00e9 Burrego e fam\u00edlia, e contou com a presen\u00e7a do prefeito Adriano Wolff, vereadores, secret\u00e1rios municipais, familiares dos vaqueiros e um p\u00fablico not\u00e1vel.<\/p>\n\n\n\n<p>Em contato com nossa reportagem, o ex prefeito Chico Neves que tamb\u00e9m participa ativamente desta programa\u00e7\u00e3o contou que os umbuzeirenses tem grande admira\u00e7\u00e3o pela profiss\u00e3o do vaqueiro, inclusive n\u00e3o s\u00f3 o vaqueiro de fazenda, mas sim o vaqueiro do mato.<\/p>\n\n\n\n<p>O ex prefeito nos confidenciou que em uma enquete realizada para um trabalho escolar recentemente em uma escola do munic\u00edpio, a grande maioria dos meninos de SS do Umbuzeiro afirmaram que a profiss\u00e3o que sonhavam em ter no futuro era a profiss\u00e3o de vaqueiro.<\/p>\n\n\n\n<p>S\u00e3o hist\u00f3rias, fatos e registros que voc\u00ea s\u00f3 encontra em SS do Umbuzeiro, com suas cultura e suas tradi\u00e7\u00f5es que passam de gera\u00e7\u00e3o em gera\u00e7\u00e3o.<\/p>\n\n\n\n<p><\/p>\n","protected":false},"excerpt":{"rendered":"<p>Algumas cenas s\u00f3 s\u00e3o vistas, apreciadas, registradas e admiradas em S\u00e3o Sebasti\u00e3o do Umbuzeiro e todos os anos a sua tradicional festa do padroeiro nos&hellip; <\/p>\n","protected":false},"author":1,"featured_media":71232,"comment_status":"closed","ping_status":"closed","sticky":false,"template":"","format":"standard","meta":{"sfsi_plus_gutenberg_text_before_share":"","sfsi_plus_gutenberg_show_text_before_share":"","sfsi_plus_gutenberg_icon_type":"","sfsi_plus_gutenberg_icon_alignemt":"","sfsi_plus_gutenburg_max_per_row":"","footnotes":""},"categories":[6],"tags":[],"class_list":["post-81536","post","type-post","status-publish","format-standard","has-post-thumbnail","hentry","category-cidades"],"_links":{"self":[{"href":"https:\/\/www.caririemacao.com\/1\/wp-json\/wp\/v2\/posts\/81536","targetHints":{"allow":["GET"]}}],"collection":[{"href":"https:\/\/www.caririemacao.com\/1\/wp-json\/wp\/v2\/posts"}],"about":[{"href":"https:\/\/www.caririemacao.com\/1\/wp-json\/wp\/v2\/types\/post"}],"author":[{"embeddable":true,"href":"https:\/\/www.caririemacao.com\/1\/wp-json\/wp\/v2\/users\/1"}],"replies":[{"embeddable":true,"href":"https:\/\/www.caririemacao.com\/1\/wp-json\/wp\/v2\/comments?post=81536"}],"version-history":[{"count":1,"href":"https:\/\/www.caririemacao.com\/1\/wp-json\/wp\/v2\/posts\/81536\/revisions"}],"predecessor-version":[{"id":81537,"href":"https:\/\/www.caririemacao.com\/1\/wp-json\/wp\/v2\/posts\/81536\/revisions\/81537"}],"wp:featuredmedia":[{"embeddable":true,"href":"https:\/\/www.caririemacao.com\/1\/wp-json\/wp\/v2\/media\/71232"}],"wp:attachment":[{"href":"https:\/\/www.caririemacao.com\/1\/wp-json\/wp\/v2\/media?parent=81536"}],"wp:term":[{"taxonomy":"category","embeddable":true,"href":"https:\/\/www.caririemacao.com\/1\/wp-json\/wp\/v2\/categories?post=81536"},{"taxonomy":"post_tag","embeddable":true,"href":"https:\/\/www.caririemacao.com\/1\/wp-json\/wp\/v2\/tags?post=81536"}],"curies":[{"name":"wp","href":"https:\/\/api.w.org\/{rel}","templated":true}]}}