{"id":81538,"date":"2019-01-18T10:56:49","date_gmt":"2019-01-18T13:56:49","guid":{"rendered":"http:\/\/www.caririemacao.com\/1\/?p=81538"},"modified":"2019-01-18T10:56:53","modified_gmt":"2019-01-18T13:56:53","slug":"psl-devera-lancar-candidatura-a-prefeito-em-pelo-menos-tres-cidades-no-cariri","status":"publish","type":"post","link":"https:\/\/www.caririemacao.com\/1\/2019\/01\/18\/psl-devera-lancar-candidatura-a-prefeito-em-pelo-menos-tres-cidades-no-cariri\/","title":{"rendered":"PSL dever\u00e1 lan\u00e7ar candidatura a Prefeito em pelo menos tr\u00eas cidades no Cariri"},"content":{"rendered":"\n<p>O partido PSL na esfera Estadual j\u00e1 articula o seu projeto para as pr\u00f3ximas elei\u00e7\u00f5es de 2020. O partido pretende eleger 250 Vereadores e 50 Prefeitos em todo estado da Para\u00edba. Alguns munic\u00edpios as negocia\u00e7\u00f5es est\u00e3o bem avan\u00e7adas quanto aos nomes que dever\u00e3o ser confirmados como candidatos do Partido para 2020.<\/p>\n\n\n\n<p>Na regi\u00e3o do Cariri, as cidades de Amparo, Ouro Velho e Prata dever\u00e3o ser as primeiras a confirmar candidatura ao Executivo. Toda articula\u00e7\u00e3o estar\u00e1 sob o comando do Deputado Federal eleito Julian Lemos, que ser\u00e1 o principal interlocutor e articulador na regi\u00e3o do Cariri.<\/p>\n\n\n\n<p>Especula-se nos bastidores da pol\u00edtica que na cidade de Amparo, o presidente municipal do partido, Di\u00f3genes Neto, ser\u00e1 o principal articulador da candidatura na cidade. J\u00e1 na cidade de Ouro Velho, um dos nomes a postula\u00e7\u00e3o de 2020 poder\u00e1 ser um dos vereadores ligados ao grupo da atual prefeita Nat\u00e1lia.<\/p>\n\n\n\n<p>J\u00e1 na cidade da Prata, o nome que \u00e9 especulado para uma poss\u00edvel candidatura pelo PSL \u00e9 do l\u00edder pol\u00edtico e ex-candidato a prefeito, Felizardo Moura.<\/p>\n\n\n\n<p>Militantes e filiados do partido em outras cidades da regi\u00e3o do Cariri j\u00e1 demonstraram interesse em colaborar com o partido e j\u00e1 se colocaram \u00e0 disposi\u00e7\u00e3o, \u00e1 exemplo de S\u00e3o Sebasti\u00e3o do Umbuzeiro, Monteiro, Sum\u00e9 e Serra Branca.<\/p>\n\n\n\n<p><strong>De Olho no Cariri<\/strong><\/p>\n\n\n\n<p><\/p>\n","protected":false},"excerpt":{"rendered":"<p>O partido PSL na esfera Estadual j\u00e1 articula o seu projeto para as pr\u00f3ximas elei\u00e7\u00f5es de 2020. O partido pretende eleger 250 Vereadores e 50&hellip; <\/p>\n","protected":false},"author":1,"featured_media":75438,"comment_status":"closed","ping_status":"closed","sticky":false,"template":"","format":"standard","meta":{"sfsi_plus_gutenberg_text_before_share":"","sfsi_plus_gutenberg_show_text_before_share":"","sfsi_plus_gutenberg_icon_type":"","sfsi_plus_gutenberg_icon_alignemt":"","sfsi_plus_gutenburg_max_per_row":"","footnotes":""},"categories":[11],"tags":[],"class_list":["post-81538","post","type-post","status-publish","format-standard","has-post-thumbnail","hentry","category-politica"],"_links":{"self":[{"href":"https:\/\/www.caririemacao.com\/1\/wp-json\/wp\/v2\/posts\/81538","targetHints":{"allow":["GET"]}}],"collection":[{"href":"https:\/\/www.caririemacao.com\/1\/wp-json\/wp\/v2\/posts"}],"about":[{"href":"https:\/\/www.caririemacao.com\/1\/wp-json\/wp\/v2\/types\/post"}],"author":[{"embeddable":true,"href":"https:\/\/www.caririemacao.com\/1\/wp-json\/wp\/v2\/users\/1"}],"replies":[{"embeddable":true,"href":"https:\/\/www.caririemacao.com\/1\/wp-json\/wp\/v2\/comments?post=81538"}],"version-history":[{"count":1,"href":"https:\/\/www.caririemacao.com\/1\/wp-json\/wp\/v2\/posts\/81538\/revisions"}],"predecessor-version":[{"id":81539,"href":"https:\/\/www.caririemacao.com\/1\/wp-json\/wp\/v2\/posts\/81538\/revisions\/81539"}],"wp:featuredmedia":[{"embeddable":true,"href":"https:\/\/www.caririemacao.com\/1\/wp-json\/wp\/v2\/media\/75438"}],"wp:attachment":[{"href":"https:\/\/www.caririemacao.com\/1\/wp-json\/wp\/v2\/media?parent=81538"}],"wp:term":[{"taxonomy":"category","embeddable":true,"href":"https:\/\/www.caririemacao.com\/1\/wp-json\/wp\/v2\/categories?post=81538"},{"taxonomy":"post_tag","embeddable":true,"href":"https:\/\/www.caririemacao.com\/1\/wp-json\/wp\/v2\/tags?post=81538"}],"curies":[{"name":"wp","href":"https:\/\/api.w.org\/{rel}","templated":true}]}}