{"id":81548,"date":"2019-01-18T11:22:59","date_gmt":"2019-01-18T14:22:59","guid":{"rendered":"http:\/\/www.caririemacao.com\/1\/?p=81548"},"modified":"2019-01-18T11:23:03","modified_gmt":"2019-01-18T14:23:03","slug":"ex-funcionaria-de-agencia-contratada-para-disparos-no-whatsapp-durante-campanha-e-nomeada-por-bebianno","status":"publish","type":"post","link":"https:\/\/www.caririemacao.com\/1\/2019\/01\/18\/ex-funcionaria-de-agencia-contratada-para-disparos-no-whatsapp-durante-campanha-e-nomeada-por-bebianno\/","title":{"rendered":"Ex-funcion\u00e1ria de ag\u00eancia contratada para disparos no Whatsapp durante campanha \u00e9 nomeada por Bebianno"},"content":{"rendered":"\n<p>A&nbsp;funcion\u00e1ria da ag\u00eancia de comunica\u00e7\u00e3o que contratou disparos de mensagens de WhatApp para a campanha de Jair Bolsonaro (PSL) \u00e0 Presid\u00eancia, Ta\u00edse de Almeida Feij\u00f3, foi nomeada para cargo comissionado na Secretaria-Geral da Presid\u00eancia. A nomea\u00e7\u00e3o foi feita no Di\u00e1rio Oficial da Uni\u00e3o (DOU) na segunda-feira (14).<\/p>\n\n\n\n<p><a href=\"https:\/\/www.wscom.com.br\/noticia\/empresas-bancam-campanha-ilegal-contra-fernando-haddad-pelo-whatsapp\/\"><strong>Leia tamb\u00e9m:&nbsp;Empresas bancam campanha ilegal contra Haddad pelo WhatsApp<\/strong><\/a><\/p>\n\n\n\n<p>Conforme apurado pela \u2018Folha de S. Paulo\u2019, Ta\u00edse&nbsp;integrar\u00e1 o gabinete do secret\u00e1rio-geral da Presid\u00eancia, Gustavo Bebianno, e receber\u00e1 um sal\u00e1rio de cerca de R$ 10,3 mil. Ta\u00edse era funcion\u00e1ria da ag\u00eancia de comunica\u00e7\u00e3o AM4 Intelig\u00eancia Digital, que foi contratada pelo PSL para a campanha eleitoral de Jair Bolsonaro.<\/p>\n\n\n\n<p>Al\u00e9m de Ta\u00edse, um dos s\u00f3cios da empresa AM4, Marcos Aur\u00e9lio Carvalho, foi nomeado em novembro do ano passado para a equipe de transi\u00e7\u00e3o. Ele foi considerado o \u201cmarqueteiro\u201d da campanha do militar.<\/p>\n\n\n\n<p>WSCOM<\/p>\n","protected":false},"excerpt":{"rendered":"<p>A&nbsp;funcion\u00e1ria da ag\u00eancia de comunica\u00e7\u00e3o que contratou disparos de mensagens de WhatApp para a campanha de Jair Bolsonaro (PSL) \u00e0 Presid\u00eancia, Ta\u00edse de Almeida Feij\u00f3,&hellip; <\/p>\n","protected":false},"author":1,"featured_media":72536,"comment_status":"closed","ping_status":"closed","sticky":false,"template":"","format":"standard","meta":{"sfsi_plus_gutenberg_text_before_share":"","sfsi_plus_gutenberg_show_text_before_share":"","sfsi_plus_gutenberg_icon_type":"","sfsi_plus_gutenberg_icon_alignemt":"","sfsi_plus_gutenburg_max_per_row":"","footnotes":""},"categories":[11],"tags":[],"class_list":["post-81548","post","type-post","status-publish","format-standard","has-post-thumbnail","hentry","category-politica"],"_links":{"self":[{"href":"https:\/\/www.caririemacao.com\/1\/wp-json\/wp\/v2\/posts\/81548","targetHints":{"allow":["GET"]}}],"collection":[{"href":"https:\/\/www.caririemacao.com\/1\/wp-json\/wp\/v2\/posts"}],"about":[{"href":"https:\/\/www.caririemacao.com\/1\/wp-json\/wp\/v2\/types\/post"}],"author":[{"embeddable":true,"href":"https:\/\/www.caririemacao.com\/1\/wp-json\/wp\/v2\/users\/1"}],"replies":[{"embeddable":true,"href":"https:\/\/www.caririemacao.com\/1\/wp-json\/wp\/v2\/comments?post=81548"}],"version-history":[{"count":1,"href":"https:\/\/www.caririemacao.com\/1\/wp-json\/wp\/v2\/posts\/81548\/revisions"}],"predecessor-version":[{"id":81549,"href":"https:\/\/www.caririemacao.com\/1\/wp-json\/wp\/v2\/posts\/81548\/revisions\/81549"}],"wp:featuredmedia":[{"embeddable":true,"href":"https:\/\/www.caririemacao.com\/1\/wp-json\/wp\/v2\/media\/72536"}],"wp:attachment":[{"href":"https:\/\/www.caririemacao.com\/1\/wp-json\/wp\/v2\/media?parent=81548"}],"wp:term":[{"taxonomy":"category","embeddable":true,"href":"https:\/\/www.caririemacao.com\/1\/wp-json\/wp\/v2\/categories?post=81548"},{"taxonomy":"post_tag","embeddable":true,"href":"https:\/\/www.caririemacao.com\/1\/wp-json\/wp\/v2\/tags?post=81548"}],"curies":[{"name":"wp","href":"https:\/\/api.w.org\/{rel}","templated":true}]}}