{"id":81551,"date":"2019-01-18T16:49:17","date_gmt":"2019-01-18T19:49:17","guid":{"rendered":"http:\/\/www.caririemacao.com\/1\/?p=81551"},"modified":"2019-01-18T16:49:21","modified_gmt":"2019-01-18T19:49:21","slug":"prefeitura-da-prata-emite-nota-de-esclarecimento-sobre-denuncias-de-irregularidades-no-minha-casa-minha-vida","status":"publish","type":"post","link":"https:\/\/www.caririemacao.com\/1\/2019\/01\/18\/prefeitura-da-prata-emite-nota-de-esclarecimento-sobre-denuncias-de-irregularidades-no-minha-casa-minha-vida\/","title":{"rendered":"PREFEITURA DA PRATA EMITE NOTA DE ESCLARECIMENTO SOBRE DENUNCIAS DE IRREGULARIDADES NO MINHA CASA MINHA VIDA"},"content":{"rendered":"\n<p>O prefeito do munic\u00edpio da prata, J\u00fanior N\u00f3brega, vem esclarecer mat\u00e9ria\u00a0 publicada em portais da regi\u00e3o sobre irregularidades no programa MINHA CASA MINHA VIDA.\u00a0\u00a0<\/p>\n\n\n\n<p>Segundo o prefeito, esta denuncia partiu de algumas pessoas que&nbsp; fizeram seus cadastros para o referido programa e tiveram seus nomes substitu\u00eddos por outras&nbsp; pessoas.<\/p>\n\n\n\n<p>O que ocorre \u00e9 que, se criou um enorme problema, pois os verdadeiros&nbsp; benefici\u00e1rios&nbsp; ficaram&nbsp; sem&nbsp; receber&nbsp; &nbsp;suas&nbsp; casas,&nbsp; e n\u00e3o poder\u00e3o&nbsp; participar de outros&nbsp; programas,&nbsp; pois&nbsp; os&nbsp; seus&nbsp; nomes&nbsp; constam na verdade como donos dos&nbsp; im\u00f3veis junto&nbsp; a&nbsp; caixa, e os&nbsp; que&nbsp; est\u00e3o&nbsp; morando,&nbsp; apesar&nbsp; de&nbsp; fazerem&nbsp; investimento nas&nbsp; casas,&nbsp; n\u00e3o&nbsp; s\u00e3o&nbsp; os&nbsp; verdadeiros&nbsp; donos dos&nbsp; im\u00f3veis.<\/p>\n\n\n\n<p>Ainda segundo o prefeito,&nbsp; as&nbsp; pessoas&nbsp; que&nbsp; est\u00e3o&nbsp; prejudicadas procuraram&nbsp; o Minist\u00e9rio P\u00fablico&nbsp; Federal para&nbsp; requerer&nbsp; seus&nbsp; direitos.<\/p>\n\n\n\n<p>O prefeito Junior,&nbsp; salienta&nbsp;ainda que&nbsp;sua&nbsp; gest\u00e3o n\u00e3o&nbsp; tem&nbsp; nada&nbsp; a ver&nbsp; com&nbsp; este&nbsp; problema, pois&nbsp; &nbsp;isto&nbsp; &nbsp;foi&nbsp; gerado&nbsp; em&nbsp; gest\u00f5es&nbsp; passadas, especificamente&nbsp; entre os anos 2011 e 2012.<\/p>\n","protected":false},"excerpt":{"rendered":"<p>O prefeito do munic\u00edpio da prata, J\u00fanior N\u00f3brega, vem esclarecer mat\u00e9ria\u00a0 publicada em portais da regi\u00e3o sobre irregularidades no programa MINHA CASA MINHA VIDA.\u00a0\u00a0 Segundo&hellip; <\/p>\n","protected":false},"author":1,"featured_media":27805,"comment_status":"closed","ping_status":"closed","sticky":false,"template":"","format":"standard","meta":{"sfsi_plus_gutenberg_text_before_share":"","sfsi_plus_gutenberg_show_text_before_share":"","sfsi_plus_gutenberg_icon_type":"","sfsi_plus_gutenberg_icon_alignemt":"","sfsi_plus_gutenburg_max_per_row":"","footnotes":""},"categories":[50,2],"tags":[],"class_list":["post-81551","post","type-post","status-publish","format-standard","has-post-thumbnail","hentry","category-destaque","category-geral"],"_links":{"self":[{"href":"https:\/\/www.caririemacao.com\/1\/wp-json\/wp\/v2\/posts\/81551","targetHints":{"allow":["GET"]}}],"collection":[{"href":"https:\/\/www.caririemacao.com\/1\/wp-json\/wp\/v2\/posts"}],"about":[{"href":"https:\/\/www.caririemacao.com\/1\/wp-json\/wp\/v2\/types\/post"}],"author":[{"embeddable":true,"href":"https:\/\/www.caririemacao.com\/1\/wp-json\/wp\/v2\/users\/1"}],"replies":[{"embeddable":true,"href":"https:\/\/www.caririemacao.com\/1\/wp-json\/wp\/v2\/comments?post=81551"}],"version-history":[{"count":1,"href":"https:\/\/www.caririemacao.com\/1\/wp-json\/wp\/v2\/posts\/81551\/revisions"}],"predecessor-version":[{"id":81552,"href":"https:\/\/www.caririemacao.com\/1\/wp-json\/wp\/v2\/posts\/81551\/revisions\/81552"}],"wp:featuredmedia":[{"embeddable":true,"href":"https:\/\/www.caririemacao.com\/1\/wp-json\/wp\/v2\/media\/27805"}],"wp:attachment":[{"href":"https:\/\/www.caririemacao.com\/1\/wp-json\/wp\/v2\/media?parent=81551"}],"wp:term":[{"taxonomy":"category","embeddable":true,"href":"https:\/\/www.caririemacao.com\/1\/wp-json\/wp\/v2\/categories?post=81551"},{"taxonomy":"post_tag","embeddable":true,"href":"https:\/\/www.caririemacao.com\/1\/wp-json\/wp\/v2\/tags?post=81551"}],"curies":[{"name":"wp","href":"https:\/\/api.w.org\/{rel}","templated":true}]}}