{"id":81553,"date":"2019-01-18T16:51:27","date_gmt":"2019-01-18T19:51:27","guid":{"rendered":"http:\/\/www.caririemacao.com\/1\/?p=81553"},"modified":"2019-01-18T16:51:31","modified_gmt":"2019-01-18T19:51:31","slug":"datena-e-acusado-de-assedio-sexual-por-reporter-apresentador-nega","status":"publish","type":"post","link":"https:\/\/www.caririemacao.com\/1\/2019\/01\/18\/datena-e-acusado-de-assedio-sexual-por-reporter-apresentador-nega\/","title":{"rendered":"Datena \u00e9 acusado de ass\u00e9dio sexual por rep\u00f3rter; apresentador nega"},"content":{"rendered":"\n<p>O apresentador Jos\u00e9 Luiz Datena, do programa Brasil Urgente, est\u00e1 sendo acusado de ass\u00e9dio sexual. A den\u00fancia foi feita pela jornalista Bruna Drews, de 35 anos. Nesta sexta-feira (18), a profissional fez um desabafo em sua rede social.\u201dEstou do lado da verdade! Consci\u00eancia limpa e tranquila! Fa\u00e7o isso por todas as mulheres que s\u00e3o obrigadas a passar por isso diariamente! #mexeucomumamexeucomtodas #ninguemsoltaam\u00e3odeninguem\u201d, escreveu na web.<\/p>\n\n\n\n<p>Ap\u00f3s ser parabenizada pela atitude por alguns internautas, ela agradeceu o apoio. \u201cMe constrangia muito, infelizmente aguentava porque precisava do sal\u00e1rio! Mas, finalmente, tomei coragem! Obrigada pela for\u00e7a, de cora\u00e7\u00e3o!\u201d, agradeceu Bruna.Em conversa com OFuxico, a Band divulgou o seguinte comunicado: \u201cO processo trabalhista em quest\u00e3o tramita em segredo de Justi\u00e7a, a pedido, inclusive, da pr\u00f3pria autora. A Band est\u00e1 impedida de se manifestar sobre o assunto\u201d.<\/p>\n\n\n\n<p>De acordo com o site Not\u00edcias da TV, de Daniel Castro, Datena nega veementemente as acusa\u00e7\u00f5es de Bruna. \u201cIsso n\u00e3o \u00e9 verdade, \u00e9 falso. Eu disse para ela que ela era uma pessoa bonita. Dizia no ar, pra todo o Brasil ouvir, [que \u00e9] bonita e competente. Ela nunca reclamou, s\u00f3 me agradeceu por trat\u00e1-la bem\u201d, disse Datena.<\/p>\n\n\n\n<p>Com O Fuxico<\/p>\n","protected":false},"excerpt":{"rendered":"<p>O apresentador Jos\u00e9 Luiz Datena, do programa Brasil Urgente, est\u00e1 sendo acusado de ass\u00e9dio sexual. A den\u00fancia foi feita pela jornalista Bruna Drews, de 35&hellip; <\/p>\n","protected":false},"author":1,"featured_media":81554,"comment_status":"closed","ping_status":"closed","sticky":false,"template":"","format":"standard","meta":{"sfsi_plus_gutenberg_text_before_share":"","sfsi_plus_gutenberg_show_text_before_share":"","sfsi_plus_gutenberg_icon_type":"","sfsi_plus_gutenberg_icon_alignemt":"","sfsi_plus_gutenburg_max_per_row":"","footnotes":""},"categories":[2],"tags":[],"class_list":["post-81553","post","type-post","status-publish","format-standard","has-post-thumbnail","hentry","category-geral"],"_links":{"self":[{"href":"https:\/\/www.caririemacao.com\/1\/wp-json\/wp\/v2\/posts\/81553","targetHints":{"allow":["GET"]}}],"collection":[{"href":"https:\/\/www.caririemacao.com\/1\/wp-json\/wp\/v2\/posts"}],"about":[{"href":"https:\/\/www.caririemacao.com\/1\/wp-json\/wp\/v2\/types\/post"}],"author":[{"embeddable":true,"href":"https:\/\/www.caririemacao.com\/1\/wp-json\/wp\/v2\/users\/1"}],"replies":[{"embeddable":true,"href":"https:\/\/www.caririemacao.com\/1\/wp-json\/wp\/v2\/comments?post=81553"}],"version-history":[{"count":1,"href":"https:\/\/www.caririemacao.com\/1\/wp-json\/wp\/v2\/posts\/81553\/revisions"}],"predecessor-version":[{"id":81555,"href":"https:\/\/www.caririemacao.com\/1\/wp-json\/wp\/v2\/posts\/81553\/revisions\/81555"}],"wp:featuredmedia":[{"embeddable":true,"href":"https:\/\/www.caririemacao.com\/1\/wp-json\/wp\/v2\/media\/81554"}],"wp:attachment":[{"href":"https:\/\/www.caririemacao.com\/1\/wp-json\/wp\/v2\/media?parent=81553"}],"wp:term":[{"taxonomy":"category","embeddable":true,"href":"https:\/\/www.caririemacao.com\/1\/wp-json\/wp\/v2\/categories?post=81553"},{"taxonomy":"post_tag","embeddable":true,"href":"https:\/\/www.caririemacao.com\/1\/wp-json\/wp\/v2\/tags?post=81553"}],"curies":[{"name":"wp","href":"https:\/\/api.w.org\/{rel}","templated":true}]}}