{"id":81559,"date":"2019-01-18T16:53:38","date_gmt":"2019-01-18T19:53:38","guid":{"rendered":"http:\/\/www.caririemacao.com\/1\/?p=81559"},"modified":"2019-01-18T16:53:40","modified_gmt":"2019-01-18T19:53:40","slug":"energisa-visita-cidades-do-cariri-paraibano-incentivando-melhores-praticas-de-consumo","status":"publish","type":"post","link":"https:\/\/www.caririemacao.com\/1\/2019\/01\/18\/energisa-visita-cidades-do-cariri-paraibano-incentivando-melhores-praticas-de-consumo\/","title":{"rendered":"Energisa visita cidades do Cariri paraibano incentivando melhores pr\u00e1ticas de consumo"},"content":{"rendered":"\n<p>Neste m\u00eas o caminh\u00e3o do projeto \u2018Nossa Energia\u2019 visitar\u00e1 os munic\u00edpios Nova Palmeira, Pedra Lavada, Itatuba, Cubati,&nbsp;<strong>S\u00e3o Jos\u00e9 dos Cordeiros<\/strong>, Itapororoca e&nbsp;<strong>Serra Branca.<\/strong>&nbsp;Parte do Programa de Efici\u00eancia Energ\u00e9tica da Aneel, o projeto vem com a proposta de incentivar boas pr\u00e1ticas de consumo nas resid\u00eancias e combater o desperd\u00edcio de energia el\u00e9trica.<\/p>\n\n\n\n<p>Nessas cidades, os moradores poder\u00e3o trocar at\u00e9 seis l\u00e2mpadas incandescentes ou fluorescentes por de LED, mediante comprova\u00e7\u00e3o de resid\u00eancia em comunidade de baixo poder aquisitivo. \u201cIncentivamos nossos consumidores a manter o conforto e pagar menos energia. Por isso, a Energisa apoia e realiza a\u00e7\u00f5es sociais como o \u2018Nossa Energia\u2019, um projeto t\u00e3o importante para todos n\u00f3s\u201d, disse a coordenadora do projeto, Carla Petrucci.<\/p>\n\n\n\n<p>Para ter direito ao benef\u00edcio \u00e9 preciso levar as l\u00e2mpadas que ser\u00e3o substitu\u00eddas e estar em dia com a conta de energia. As palestras de conscientiza\u00e7\u00e3o tamb\u00e9m v\u00e3o ser realizadas nesses munic\u00edpios. \u00c9 necess\u00e1rio tamb\u00e9m, que leve os documentos originais (identidade, CPF e \u00faltima conta de energia el\u00e9trica paga). Lembrando que a troca \u00e9 feita sem qualquer custo adicional na tarifa de energia.<\/p>\n\n\n\n<p>Confira a programa\u00e7\u00e3o deste m\u00eas<\/p>\n\n\n\n<p>Nova Palmeira | 21 e 22\/01<\/p>\n\n\n\n<p>Centro \u2013 Rua Almisa Rosa (em frente a Secretaria de Assist\u00eancia Social)<\/p>\n\n\n\n<p>Pedra Lavada | 23 e 24\/01<\/p>\n\n\n\n<p>Centro \u2013 Rua Assis Fernandes (ao lado do Centro Profissionalizante)<\/p>\n\n\n\n<p>Itatuba | 24 a 26\/01<\/p>\n\n\n\n<p>Centro \u2013 Rua Prefeito Sebasti\u00e3o Lacerda (no estacionamento do Cine Santo Ant\u00f4nio)<\/p>\n\n\n\n<p>Cubati | 25 e 26\/01<\/p>\n\n\n\n<p>Z\u00e9 Pinheiro \u2013 Av. Luiz Gustavo (Parque O Medeir\u00e3o)<\/p>\n\n\n\n<p><strong>S\u00e3o Jos\u00e9 dos Cordeiros | 28 e 29\/01<\/strong><\/p>\n\n\n\n<p>Centro \u2013 Rua Antero Torre\u00e3o (na frente da Prefeitura)<\/p>\n\n\n\n<p>Itapororoca | 28 e 29\/01<\/p>\n\n\n\n<p>Naldo Diniz \u2013 Rua Maria Helena (ao lado da Igreja Assembleia de Deus)<\/p>\n\n\n\n<p><strong>Serra Branca | 30 a 01\/02<\/strong><\/p>\n\n\n\n<p>Centro \u2013 Rua C\u00f4nego Jo\u00e3o Marques Pereira (ao lado da Igreja Matriz)<\/p>\n","protected":false},"excerpt":{"rendered":"<p>Neste m\u00eas o caminh\u00e3o do projeto \u2018Nossa Energia\u2019 visitar\u00e1 os munic\u00edpios Nova Palmeira, Pedra Lavada, Itatuba, Cubati,&nbsp;S\u00e3o Jos\u00e9 dos Cordeiros, Itapororoca e&nbsp;Serra Branca.&nbsp;Parte do Programa&hellip; <\/p>\n","protected":false},"author":1,"featured_media":49951,"comment_status":"closed","ping_status":"closed","sticky":false,"template":"","format":"standard","meta":{"sfsi_plus_gutenberg_text_before_share":"","sfsi_plus_gutenberg_show_text_before_share":"","sfsi_plus_gutenberg_icon_type":"","sfsi_plus_gutenberg_icon_alignemt":"","sfsi_plus_gutenburg_max_per_row":"","footnotes":""},"categories":[2],"tags":[],"class_list":["post-81559","post","type-post","status-publish","format-standard","has-post-thumbnail","hentry","category-geral"],"_links":{"self":[{"href":"https:\/\/www.caririemacao.com\/1\/wp-json\/wp\/v2\/posts\/81559","targetHints":{"allow":["GET"]}}],"collection":[{"href":"https:\/\/www.caririemacao.com\/1\/wp-json\/wp\/v2\/posts"}],"about":[{"href":"https:\/\/www.caririemacao.com\/1\/wp-json\/wp\/v2\/types\/post"}],"author":[{"embeddable":true,"href":"https:\/\/www.caririemacao.com\/1\/wp-json\/wp\/v2\/users\/1"}],"replies":[{"embeddable":true,"href":"https:\/\/www.caririemacao.com\/1\/wp-json\/wp\/v2\/comments?post=81559"}],"version-history":[{"count":1,"href":"https:\/\/www.caririemacao.com\/1\/wp-json\/wp\/v2\/posts\/81559\/revisions"}],"predecessor-version":[{"id":81560,"href":"https:\/\/www.caririemacao.com\/1\/wp-json\/wp\/v2\/posts\/81559\/revisions\/81560"}],"wp:featuredmedia":[{"embeddable":true,"href":"https:\/\/www.caririemacao.com\/1\/wp-json\/wp\/v2\/media\/49951"}],"wp:attachment":[{"href":"https:\/\/www.caririemacao.com\/1\/wp-json\/wp\/v2\/media?parent=81559"}],"wp:term":[{"taxonomy":"category","embeddable":true,"href":"https:\/\/www.caririemacao.com\/1\/wp-json\/wp\/v2\/categories?post=81559"},{"taxonomy":"post_tag","embeddable":true,"href":"https:\/\/www.caririemacao.com\/1\/wp-json\/wp\/v2\/tags?post=81559"}],"curies":[{"name":"wp","href":"https:\/\/api.w.org\/{rel}","templated":true}]}}