{"id":81598,"date":"2019-01-19T07:03:00","date_gmt":"2019-01-19T10:03:00","guid":{"rendered":"http:\/\/www.caririemacao.com\/1\/?p=81598"},"modified":"2019-01-19T07:03:04","modified_gmt":"2019-01-19T10:03:04","slug":"com-time-definido-treze-viaja-para-encarar-atletico-pb-em-cajazeiras","status":"publish","type":"post","link":"https:\/\/www.caririemacao.com\/1\/2019\/01\/19\/com-time-definido-treze-viaja-para-encarar-atletico-pb-em-cajazeiras\/","title":{"rendered":"Com time definido, Treze viaja para encarar Atl\u00e9tico-PB em Cajazeiras"},"content":{"rendered":"\n<p><br>A delega\u00e7\u00e3o do Treze viajou no in\u00edcio da tarde desta sexta-feira (18) com destino a Cajazeiras, onde o time enfrenta o Atl\u00e9tico-PB amanh\u00e3, \u00e0s 16h, no est\u00e1dio Perpet\u00e3o, pela segunda rodada do Campeonato Paraibano 2019.<\/p>\n\n\n\n<figure class=\"wp-block-image\"><img decoding=\"async\" data-src=\"https:\/\/paraibaonline.com.br\/wp-content\/uploads\/2019\/01\/TrezeFC2019.jpg\" alt=\"\" class=\"wp-image-562049 lazyload\" src=\"data:image\/svg+xml;base64,PHN2ZyB3aWR0aD0iMSIgaGVpZ2h0PSIxIiB4bWxucz0iaHR0cDovL3d3dy53My5vcmcvMjAwMC9zdmciPjwvc3ZnPg==\" \/><\/figure>\n\n\n\n<p>Foto: Ascom \/ Treze FC<\/p>\n\n\n\n<p>E pelo que demonstrou durante a semana, o t\u00e9cnico Maur\u00edlio Silva n\u00e3o deve mexer na equipe. A tend\u00eancia \u00e9 o Galo iniciar a partida contra o Trov\u00e3o Azul com a mesma forma\u00e7\u00e3o que bateu o Esporte de Patos na estreia: Mauro Iguatu, Diego Superti, L\u00e9o Fioravanti, Brumati e Patric Calmon; Coppetti, Misso, Juninho e Diogo Peixoto; Bravo e Teco.<\/p>\n\n\n\n<p>A novidade entre os atletas relacionados que viajaram para o Sert\u00e3o \u00e9 o centroavante Torres, que teve seu nome publicado no BID da CBF durante a semana e est\u00e1 liberado para atuar.<\/p>\n\n\n\n<p>Os jogadores ainda participaram de um treino t\u00e1tico na manh\u00e3 desta sexta. Depois do almo\u00e7o, a delega\u00e7\u00e3o pegou a estrada rumo a Cajazeiras.<\/p>\n","protected":false},"excerpt":{"rendered":"<p>A delega\u00e7\u00e3o do Treze viajou no in\u00edcio da tarde desta sexta-feira (18) com destino a Cajazeiras, onde o time enfrenta o Atl\u00e9tico-PB amanh\u00e3, \u00e0s 16h,&hellip; <\/p>\n","protected":false},"author":1,"featured_media":81599,"comment_status":"closed","ping_status":"closed","sticky":false,"template":"","format":"standard","meta":{"sfsi_plus_gutenberg_text_before_share":"","sfsi_plus_gutenberg_show_text_before_share":"","sfsi_plus_gutenberg_icon_type":"","sfsi_plus_gutenberg_icon_alignemt":"","sfsi_plus_gutenburg_max_per_row":"","footnotes":""},"categories":[13],"tags":[],"class_list":["post-81598","post","type-post","status-publish","format-standard","has-post-thumbnail","hentry","category-esportes"],"_links":{"self":[{"href":"https:\/\/www.caririemacao.com\/1\/wp-json\/wp\/v2\/posts\/81598","targetHints":{"allow":["GET"]}}],"collection":[{"href":"https:\/\/www.caririemacao.com\/1\/wp-json\/wp\/v2\/posts"}],"about":[{"href":"https:\/\/www.caririemacao.com\/1\/wp-json\/wp\/v2\/types\/post"}],"author":[{"embeddable":true,"href":"https:\/\/www.caririemacao.com\/1\/wp-json\/wp\/v2\/users\/1"}],"replies":[{"embeddable":true,"href":"https:\/\/www.caririemacao.com\/1\/wp-json\/wp\/v2\/comments?post=81598"}],"version-history":[{"count":1,"href":"https:\/\/www.caririemacao.com\/1\/wp-json\/wp\/v2\/posts\/81598\/revisions"}],"predecessor-version":[{"id":81600,"href":"https:\/\/www.caririemacao.com\/1\/wp-json\/wp\/v2\/posts\/81598\/revisions\/81600"}],"wp:featuredmedia":[{"embeddable":true,"href":"https:\/\/www.caririemacao.com\/1\/wp-json\/wp\/v2\/media\/81599"}],"wp:attachment":[{"href":"https:\/\/www.caririemacao.com\/1\/wp-json\/wp\/v2\/media?parent=81598"}],"wp:term":[{"taxonomy":"category","embeddable":true,"href":"https:\/\/www.caririemacao.com\/1\/wp-json\/wp\/v2\/categories?post=81598"},{"taxonomy":"post_tag","embeddable":true,"href":"https:\/\/www.caririemacao.com\/1\/wp-json\/wp\/v2\/tags?post=81598"}],"curies":[{"name":"wp","href":"https:\/\/api.w.org\/{rel}","templated":true}]}}