{"id":81609,"date":"2019-01-19T07:09:31","date_gmt":"2019-01-19T10:09:31","guid":{"rendered":"http:\/\/www.caririemacao.com\/1\/?p=81609"},"modified":"2019-01-19T07:09:35","modified_gmt":"2019-01-19T10:09:35","slug":"agressoes-a-jornalistas-cresceram-36-em-2018-maior-agressor-foi-o-cidadao-comum","status":"publish","type":"post","link":"https:\/\/www.caririemacao.com\/1\/2019\/01\/19\/agressoes-a-jornalistas-cresceram-36-em-2018-maior-agressor-foi-o-cidadao-comum\/","title":{"rendered":"Agress\u00f5es a jornalistas cresceram 36% em 2018; maior agressor foi o cidad\u00e3o comum"},"content":{"rendered":"\n<p>Os casos de agress\u00e3o contra jornalistas cresceram mais de 36% no ano passado.<\/p>\n\n\n\n<p>Foram 135 ocorr\u00eancias de viol\u00eancia, entre elas um assassinato, que vitimaram 227 profissionais.<\/p>\n\n\n\n<p>J\u00e1 em 2017 foram feitos 99 registros e, de acordo com a Federa\u00e7\u00e3o Nacional dos Jornalistas (Fenaj), entidade que elaborou o relat\u00f3rio divulgado nesta sexta-feira (18), o aumento esteve diretamente relacionado com as elei\u00e7\u00f5es.<\/p>\n\n\n\n<p>A presidente da Fenaj, Maria Jos\u00e9 Braga, explica que manifestantes pol\u00edticos e eleitores foram os principais agressores, respondendo por mais de 22% dos casos.<\/p>\n\n\n\n<p><\/p>\n\n\n\n<p>EBC<\/p>\n","protected":false},"excerpt":{"rendered":"<p>Os casos de agress\u00e3o contra jornalistas cresceram mais de 36% no ano passado. Foram 135 ocorr\u00eancias de viol\u00eancia, entre elas um assassinato, que vitimaram 227&hellip; <\/p>\n","protected":false},"author":1,"featured_media":81610,"comment_status":"closed","ping_status":"closed","sticky":false,"template":"","format":"standard","meta":{"sfsi_plus_gutenberg_text_before_share":"","sfsi_plus_gutenberg_show_text_before_share":"","sfsi_plus_gutenberg_icon_type":"","sfsi_plus_gutenberg_icon_alignemt":"","sfsi_plus_gutenburg_max_per_row":"","footnotes":""},"categories":[2],"tags":[],"class_list":["post-81609","post","type-post","status-publish","format-standard","has-post-thumbnail","hentry","category-geral"],"_links":{"self":[{"href":"https:\/\/www.caririemacao.com\/1\/wp-json\/wp\/v2\/posts\/81609","targetHints":{"allow":["GET"]}}],"collection":[{"href":"https:\/\/www.caririemacao.com\/1\/wp-json\/wp\/v2\/posts"}],"about":[{"href":"https:\/\/www.caririemacao.com\/1\/wp-json\/wp\/v2\/types\/post"}],"author":[{"embeddable":true,"href":"https:\/\/www.caririemacao.com\/1\/wp-json\/wp\/v2\/users\/1"}],"replies":[{"embeddable":true,"href":"https:\/\/www.caririemacao.com\/1\/wp-json\/wp\/v2\/comments?post=81609"}],"version-history":[{"count":1,"href":"https:\/\/www.caririemacao.com\/1\/wp-json\/wp\/v2\/posts\/81609\/revisions"}],"predecessor-version":[{"id":81611,"href":"https:\/\/www.caririemacao.com\/1\/wp-json\/wp\/v2\/posts\/81609\/revisions\/81611"}],"wp:featuredmedia":[{"embeddable":true,"href":"https:\/\/www.caririemacao.com\/1\/wp-json\/wp\/v2\/media\/81610"}],"wp:attachment":[{"href":"https:\/\/www.caririemacao.com\/1\/wp-json\/wp\/v2\/media?parent=81609"}],"wp:term":[{"taxonomy":"category","embeddable":true,"href":"https:\/\/www.caririemacao.com\/1\/wp-json\/wp\/v2\/categories?post=81609"},{"taxonomy":"post_tag","embeddable":true,"href":"https:\/\/www.caririemacao.com\/1\/wp-json\/wp\/v2\/tags?post=81609"}],"curies":[{"name":"wp","href":"https:\/\/api.w.org\/{rel}","templated":true}]}}