{"id":81613,"date":"2019-01-19T07:11:05","date_gmt":"2019-01-19T10:11:05","guid":{"rendered":"http:\/\/www.caririemacao.com\/1\/?p=81613"},"modified":"2019-01-19T07:11:10","modified_gmt":"2019-01-19T10:11:10","slug":"previdencia-reforma-chega-ao-congresso-em-meados-de-fevereiro","status":"publish","type":"post","link":"https:\/\/www.caririemacao.com\/1\/2019\/01\/19\/previdencia-reforma-chega-ao-congresso-em-meados-de-fevereiro\/","title":{"rendered":"Previd\u00eancia: reforma chega ao Congresso em meados de fevereiro"},"content":{"rendered":"\n<p>A proposta de reforma da Previd\u00eancia ser\u00e1 encaminhada ao Congresso Nacional na segunda semana de fevereiro, informou hoje (18) o secret\u00e1rio de Previd\u00eancia do Minist\u00e9rio da Economia, Rog\u00e9rio Marinho. Segundo o secret\u00e1rio, o governo bateu o martelo sobre a estrat\u00e9gia para apresentar o texto.<\/p>\n\n\n\n<figure class=\"wp-block-image\"><img decoding=\"async\" data-src=\"http:\/\/imagens.ebc.com.br\/Xfo3N9hCOqnAoUg8r5LU5X8okYY=\/754x0\/smart\/http:\/\/agenciabrasil.ebc.com.br\/sites\/default\/files\/thumbnails\/image\/wdo_abr_18011910654.jpg?itok=NrWXmgPc\" alt=\"O secret\u00e1rio de Previd\u00eancia do Minist\u00e9rio da Economia, Rog\u00e9rio Marinho, falam \u00e0 imprensa ap\u00f3s assinatura da MP Antifraude\" src=\"data:image\/svg+xml;base64,PHN2ZyB3aWR0aD0iMSIgaGVpZ2h0PSIxIiB4bWxucz0iaHR0cDovL3d3dy53My5vcmcvMjAwMC9zdmciPjwvc3ZnPg==\" class=\"lazyload\" \/><\/figure>\n\n\n\n<p>O secret\u00e1rio de Previd\u00eancia do Minist\u00e9rio da Economia, Rog\u00e9rio Marinho &#8211;&nbsp;<strong>Wilson Dias\/Ag\u00eancia Brasil<\/strong><\/p>\n\n\n\n<p>O Pal\u00e1cio do Planalto pretende aproveitar o texto apresentado pelo governo do ex-presidente Michel Temer e apensar a proposta que ser\u00e1 encaminhada ao Congresso Nacional. Com isso, o texto poderia ir diretamente \u00e0 aprecia\u00e7\u00e3o do plen\u00e1rio da C\u00e2mara dos Deputados, aproveitando que o projeto encaminhado por Temer j\u00e1 passou pela etapa das comiss\u00f5es.<\/p>\n\n\n\n<p>\u201cJ\u00e1 foi decidido que vamos utilizar o arcabou\u00e7o da 287 [Proposta de Emenda Constitucional \u2013 PEC 207\/16], e a ideia \u00e9 apresentarmos o projeto no plen\u00e1rio da C\u00e2mara a partir da segunda semana depois da vota\u00e7\u00e3o da mesa diretora\u201d, disse Marinho, em entrevista coletiva na qual apresentou&nbsp; o texto da chamada<a href=\"http:\/\/agenciabrasil.ebc.com.br\/politica\/noticia\/2019-01\/bolsonaro-assina-mp-para-combater-fraudes-na-previdencia\">&nbsp;Medida Provis\u00f3ria contra Fraudes no Instituto Nacional do Seguro Social (INSS)<\/a>.<\/p>\n\n\n\n<p>De acordo com o secret\u00e1rio, a estrat\u00e9gia ser\u00e1 refinada com a participa\u00e7\u00e3o do presidente Jair Bolsonaro, dos ministros Paulo Guedes, da Economia, e Onyx Lorenzoni, da Casa Civil. A diferen\u00e7a \u00e9 que o texto de Temer n\u00e3o prev\u00ea a cria\u00e7\u00e3o de um regime previdenci\u00e1rio em que cada trabalhador fa\u00e7a a pr\u00f3pria poupan\u00e7a (capitaliza\u00e7\u00e3o), como o governo dever\u00e1 apresentar em fevereiro, o que pode gerar questionamentos por parte da oposi\u00e7\u00e3o.<\/p>\n\n\n\n<p>\u201cA nossa perspectiva foi tra\u00e7ada e, nesse momento, o grupo est\u00e1 trabalhando com cen\u00e1rios, fazendo c\u00e1lculos atuariais, consultando outras pessoas e, ao mesmo tempo, levando para o presidente Bolsonaro para que ele avalie para onde a gente vai\u201d, afirmou. \u201cBolsonaro est\u00e1 recebendo as linhas gerais, ele est\u00e1 dando as linhas gerais do projeto, que est\u00e1 sendo submetido a ele\u201d, acrescentou.<\/p>\n\n\n\n<p>A reforma da Previd\u00eancia dever\u00e1 ser um dos temas que Bolsonaro abordar\u00e1 no F\u00f3rum Econ\u00f4mico Mundial, que ocorrer\u00e1 em Davos, Su\u00ed\u00e7a, entre os dias 22 e 25 deste m\u00eas. Marinho n\u00e3o deu detalhes sobre o texto que ser\u00e1 apresentado, mas disse que o governo trabalha para que seja uma \u201creforma justa\u201d.<\/p>\n\n\n\n<p>A expectativa \u00e9 que Bolsonaro assista a uma apresenta\u00e7\u00e3o sobre o material da reforma no fim desta semana. Marinho disse que Bolsonaro s\u00f3 bateria o martelo quando voltasse da Su\u00ed\u00e7a. Quest\u00f5es como idade m\u00ednima para aposentadoria de homens e mulheres e per\u00edodo de transi\u00e7\u00e3o, al\u00e9m da situa\u00e7\u00e3o dos militares ainda est\u00e3o em fase de estudo e n\u00e3o foram divulgadas \u00e0 imprensa.<\/p>\n\n\n\n<p>\u201c[O texto] est\u00e1 tomando forma, estamos bem adiantados, o presidente tem se reunido com a equipe e tem tra\u00e7ado os rumos que ele acha poss\u00edveis para que consiga ser aprovada no Congresso e, ao mesmo tempo, que deem uma seguran\u00e7a fiscal para o governo e que seja uma reforma justa, uma reforma solid\u00e1ria, que trate os desiguais de maneira desigual\u201d, disse Marinho.<\/p>\n\n\n\n<p><\/p>\n\n\n\n<p>EBC<\/p>\n","protected":false},"excerpt":{"rendered":"<p>A proposta de reforma da Previd\u00eancia ser\u00e1 encaminhada ao Congresso Nacional na segunda semana de fevereiro, informou hoje (18) o secret\u00e1rio de Previd\u00eancia do Minist\u00e9rio&hellip; <\/p>\n","protected":false},"author":1,"featured_media":72838,"comment_status":"closed","ping_status":"closed","sticky":false,"template":"","format":"standard","meta":{"sfsi_plus_gutenberg_text_before_share":"","sfsi_plus_gutenberg_show_text_before_share":"","sfsi_plus_gutenberg_icon_type":"","sfsi_plus_gutenberg_icon_alignemt":"","sfsi_plus_gutenburg_max_per_row":"","footnotes":""},"categories":[11],"tags":[],"class_list":["post-81613","post","type-post","status-publish","format-standard","has-post-thumbnail","hentry","category-politica"],"_links":{"self":[{"href":"https:\/\/www.caririemacao.com\/1\/wp-json\/wp\/v2\/posts\/81613","targetHints":{"allow":["GET"]}}],"collection":[{"href":"https:\/\/www.caririemacao.com\/1\/wp-json\/wp\/v2\/posts"}],"about":[{"href":"https:\/\/www.caririemacao.com\/1\/wp-json\/wp\/v2\/types\/post"}],"author":[{"embeddable":true,"href":"https:\/\/www.caririemacao.com\/1\/wp-json\/wp\/v2\/users\/1"}],"replies":[{"embeddable":true,"href":"https:\/\/www.caririemacao.com\/1\/wp-json\/wp\/v2\/comments?post=81613"}],"version-history":[{"count":1,"href":"https:\/\/www.caririemacao.com\/1\/wp-json\/wp\/v2\/posts\/81613\/revisions"}],"predecessor-version":[{"id":81614,"href":"https:\/\/www.caririemacao.com\/1\/wp-json\/wp\/v2\/posts\/81613\/revisions\/81614"}],"wp:featuredmedia":[{"embeddable":true,"href":"https:\/\/www.caririemacao.com\/1\/wp-json\/wp\/v2\/media\/72838"}],"wp:attachment":[{"href":"https:\/\/www.caririemacao.com\/1\/wp-json\/wp\/v2\/media?parent=81613"}],"wp:term":[{"taxonomy":"category","embeddable":true,"href":"https:\/\/www.caririemacao.com\/1\/wp-json\/wp\/v2\/categories?post=81613"},{"taxonomy":"post_tag","embeddable":true,"href":"https:\/\/www.caririemacao.com\/1\/wp-json\/wp\/v2\/tags?post=81613"}],"curies":[{"name":"wp","href":"https:\/\/api.w.org\/{rel}","templated":true}]}}