{"id":81615,"date":"2019-01-19T07:21:49","date_gmt":"2019-01-19T10:21:49","guid":{"rendered":"http:\/\/www.caririemacao.com\/1\/?p=81615"},"modified":"2019-01-19T07:21:52","modified_gmt":"2019-01-19T10:21:52","slug":"pcdob-vai-ao-supremo-contra-decreto-sobre-posse-de-armas-de-bolsonaro","status":"publish","type":"post","link":"https:\/\/www.caririemacao.com\/1\/2019\/01\/19\/pcdob-vai-ao-supremo-contra-decreto-sobre-posse-de-armas-de-bolsonaro\/","title":{"rendered":"PCdoB vai ao Supremo contra decreto sobre posse de armas de Bolsonaro"},"content":{"rendered":"\n<p>O&nbsp;<a href=\"https:\/\/g1.globo.com\/politica\/partido\/pc-do-b\/\">PCdoB<\/a>&nbsp;entrou nesta quinta-feira (17), no Supremo Tribunal Federal (STF), com uma a\u00e7\u00e3o questionando o decreto do presidente da Rep\u00fablica,&nbsp;<a href=\"https:\/\/g1.globo.com\/politica\/politico\/jair-bolsonaro\/\">Jair Bolsonaro<\/a>, que&nbsp;<a href=\"https:\/\/g1.globo.com\/politica\/noticia\/2019\/01\/15\/bolsonaro-assina-decreto-que-facilita-posse-de-armas.ghtml\">facilita a posse de armas de fogo<\/a>. A legenda de oposi\u00e7\u00e3o solicitou ao tribunal uma liminar (decis\u00e3o provis\u00f3ria) para suspender v\u00e1rios dispositivos do decreto at\u00e9 que o m\u00e9rito da a\u00e7\u00e3o seja julgado pelo plen\u00e1rio da Suprema Corte.<\/p>\n\n\n\n<p>O relator da a\u00e7\u00e3o no STF ser\u00e1 o ministro Celso de Mello, que retorna do recesso do Judici\u00e1rio somente em 1\u00ba de fevereiro.<\/p>\n\n\n\n<p>Segundo o partido de oposi\u00e7\u00e3o, houve &#8220;abuso do poder regulamentar&#8221; do Executivo, pois caberia ao parlamento legislar sobre o tema.<\/p>\n\n\n\n<p>&#8220;Esta circunst\u00e2ncia acarreta a inconstitucionalidade formal dos dispositivos&#8221;, diz trecho da a\u00e7\u00e3o.<\/p>\n\n\n\n<p>O decreto assinado na \u00faltima ter\u00e7a (15) por Bolsonaro flexibiliza as regras para obter direito \u00e0 posse de armas de fogo.<\/p>\n\n\n\n<p>A posse \u00e9 a autoriza\u00e7\u00e3o para manter uma arma de fogo em casa ou no local de trabalho (desde que o dono da arma seja o respons\u00e1vel legal pelo estabelecimento).<\/p>\n\n\n\n<p>O texto do decreto permite aos cidad\u00e3os residentes em \u00e1rea urbana ou rural manter arma de fogo em casa, desde que cumpridos os requisitos de &#8220;efetiva necessidade&#8221;, a serem examinados pela Pol\u00edcia Federal.<\/p>\n\n\n\n<p>G1&nbsp;<\/p>\n","protected":false},"excerpt":{"rendered":"<p>O&nbsp;PCdoB&nbsp;entrou nesta quinta-feira (17), no Supremo Tribunal Federal (STF), com uma a\u00e7\u00e3o questionando o decreto do presidente da Rep\u00fablica,&nbsp;Jair Bolsonaro, que&nbsp;facilita a posse de armas&hellip; <\/p>\n","protected":false},"author":1,"featured_media":53957,"comment_status":"closed","ping_status":"closed","sticky":false,"template":"","format":"standard","meta":{"sfsi_plus_gutenberg_text_before_share":"","sfsi_plus_gutenberg_show_text_before_share":"","sfsi_plus_gutenberg_icon_type":"","sfsi_plus_gutenberg_icon_alignemt":"","sfsi_plus_gutenburg_max_per_row":"","footnotes":""},"categories":[11],"tags":[],"class_list":["post-81615","post","type-post","status-publish","format-standard","has-post-thumbnail","hentry","category-politica"],"_links":{"self":[{"href":"https:\/\/www.caririemacao.com\/1\/wp-json\/wp\/v2\/posts\/81615","targetHints":{"allow":["GET"]}}],"collection":[{"href":"https:\/\/www.caririemacao.com\/1\/wp-json\/wp\/v2\/posts"}],"about":[{"href":"https:\/\/www.caririemacao.com\/1\/wp-json\/wp\/v2\/types\/post"}],"author":[{"embeddable":true,"href":"https:\/\/www.caririemacao.com\/1\/wp-json\/wp\/v2\/users\/1"}],"replies":[{"embeddable":true,"href":"https:\/\/www.caririemacao.com\/1\/wp-json\/wp\/v2\/comments?post=81615"}],"version-history":[{"count":1,"href":"https:\/\/www.caririemacao.com\/1\/wp-json\/wp\/v2\/posts\/81615\/revisions"}],"predecessor-version":[{"id":81616,"href":"https:\/\/www.caririemacao.com\/1\/wp-json\/wp\/v2\/posts\/81615\/revisions\/81616"}],"wp:featuredmedia":[{"embeddable":true,"href":"https:\/\/www.caririemacao.com\/1\/wp-json\/wp\/v2\/media\/53957"}],"wp:attachment":[{"href":"https:\/\/www.caririemacao.com\/1\/wp-json\/wp\/v2\/media?parent=81615"}],"wp:term":[{"taxonomy":"category","embeddable":true,"href":"https:\/\/www.caririemacao.com\/1\/wp-json\/wp\/v2\/categories?post=81615"},{"taxonomy":"post_tag","embeddable":true,"href":"https:\/\/www.caririemacao.com\/1\/wp-json\/wp\/v2\/tags?post=81615"}],"curies":[{"name":"wp","href":"https:\/\/api.w.org\/{rel}","templated":true}]}}