{"id":81620,"date":"2019-01-19T07:23:09","date_gmt":"2019-01-19T10:23:09","guid":{"rendered":"http:\/\/www.caririemacao.com\/1\/?p=81620"},"modified":"2019-01-19T07:23:13","modified_gmt":"2019-01-19T10:23:13","slug":"sem-conseguir-cadeira-de-rodas-do-seu-tamanho-ninao-segue-internado","status":"publish","type":"post","link":"https:\/\/www.caririemacao.com\/1\/2019\/01\/19\/sem-conseguir-cadeira-de-rodas-do-seu-tamanho-ninao-segue-internado\/","title":{"rendered":"Sem conseguir cadeira de rodas do seu tamanho, Nin\u00e3o segue internado"},"content":{"rendered":"\n<p>A saga do gigante Joelison Fernandes, o Nin\u00e3o, continua. \u00c9 que ap\u00f3s 36 dias internado no Hospital Universit\u00e1rio por causa de uma infec\u00e7\u00e3o no calcanhar direito, Joelison Fernandes, de dois metros e 37 cent\u00edmetros de altura, n\u00e3o consegue encontrar uma cadeira de rodas para lhe ajudar na sua recupera\u00e7\u00e3o. \u201cA gente agradece ao pessoal da imprensa por nos ajudar. Depois das mat\u00e9rias que foram feitas, conseguimos algumas ajudas. Ganhei uma bota ortop\u00e9dica, mas a grande dificuldade mesmo \u00e9 uma cadeira de rodas\u201d, disse Nin\u00e3o.<\/p>\n\n\n\n<p>Dificuldade por causa do seu tamanho e peso, que atualmente \u00e9 de 200 quilos. \u201cA gente j\u00e1 conseguiu duas pessoas para comprar. Mas \u00e9 que n\u00e3o existe cadeira do meu tamanho. Queremos saber: quem faz? A \u00fanica que tem aqui no hospital j\u00e1 se quebrou duas vezes\u201d, explicou o gigante.<\/p>\n\n\n\n<p>Al\u00e9m da cadeira, outro problema \u00e9 encontrar muletas resistentes. \u201d Acreditamos que n\u00e3o iremos sair do hospitais at\u00e9 consegui-las. N\u00e3o tem como eu me locomover fora daqui. Eu queria muito sair, mas infelizmente tem que ter muletas e cadeiras para ajudar\u201d, comentou Nin\u00e3o.<\/p>\n\n\n\n<p>A expectativa dos m\u00e9dicos \u00e9 que, no m\u00e1ximo, em tr\u00eas semanas o paciente receba alta e possa se recuperar em sua resid\u00eancia, na cidade de Assun\u00e7\u00e3o, no Sert\u00e3o da Para\u00edba. Por conta do tamanho do paciente, o leito de Nin\u00e3o na unidade hospitalar teve que ser improvisada: foram colocadas duas camas juntas para caber o gigante.<br><\/p>\n\n\n\n<p>Por causa do seu tamanho, foi preciso juntar duas cama para acomodar Nin\u00e3o no hospital. Foto: Nin\u00e3o<\/p>\n\n\n\n<p>Sem poder trabalhar fazendo propaganda, ele agora clama por ajuda financeira. O paraibano de 35 anos de idade come\u00e7ou a fazer sucesso ao participar dos programas do Silvio Santos e Celso Portiolli, ambos no SBT. Ele j\u00e1 foi considerada a pessoa mais alta do Brasil em uma competi\u00e7\u00e3o realizada pelo apresentador Portiolli.<\/p>\n\n\n\n<p>E foi por causa da fama que ele aproveitou para se candidatar ao cargo de deputado federal pela Para\u00edba nas elei\u00e7\u00f5es deste ano, mas n\u00e3o conseguiu se eleger. Ele obteve 642 votos. O tamanho de Nin\u00e3o \u00e9 resultado de um tumor na hip\u00f3fise, problema que foi corrigido em 2007 quando ele foi operado e parou de crescer.<\/p>\n\n\n\n<p>No ano de 2016, Nin\u00e3o voltou \u00e0 m\u00eddia nacional ap\u00f3s participar de uma quadrilha que quebrou o recorde de maior quadrilha junina do mundo, em Campina Grande. Na \u00e9poca, 746 pares foram formados e o recorde foi registrado pelo Rank Brasil, mesmo \u00f3rg\u00e3o que deu o t\u00edtulo de homem mais alto do mundo ao gigante de Assun\u00e7\u00e3o no ano de 2014.<\/p>\n\n\n\n<p>OP9&nbsp;<\/p>\n","protected":false},"excerpt":{"rendered":"<p>A saga do gigante Joelison Fernandes, o Nin\u00e3o, continua. \u00c9 que ap\u00f3s 36 dias internado no Hospital Universit\u00e1rio por causa de uma infec\u00e7\u00e3o no calcanhar&hellip; <\/p>\n","protected":false},"author":1,"featured_media":81621,"comment_status":"closed","ping_status":"closed","sticky":false,"template":"","format":"standard","meta":{"sfsi_plus_gutenberg_text_before_share":"","sfsi_plus_gutenberg_show_text_before_share":"","sfsi_plus_gutenberg_icon_type":"","sfsi_plus_gutenberg_icon_alignemt":"","sfsi_plus_gutenburg_max_per_row":"","footnotes":""},"categories":[2],"tags":[],"class_list":["post-81620","post","type-post","status-publish","format-standard","has-post-thumbnail","hentry","category-geral"],"_links":{"self":[{"href":"https:\/\/www.caririemacao.com\/1\/wp-json\/wp\/v2\/posts\/81620","targetHints":{"allow":["GET"]}}],"collection":[{"href":"https:\/\/www.caririemacao.com\/1\/wp-json\/wp\/v2\/posts"}],"about":[{"href":"https:\/\/www.caririemacao.com\/1\/wp-json\/wp\/v2\/types\/post"}],"author":[{"embeddable":true,"href":"https:\/\/www.caririemacao.com\/1\/wp-json\/wp\/v2\/users\/1"}],"replies":[{"embeddable":true,"href":"https:\/\/www.caririemacao.com\/1\/wp-json\/wp\/v2\/comments?post=81620"}],"version-history":[{"count":1,"href":"https:\/\/www.caririemacao.com\/1\/wp-json\/wp\/v2\/posts\/81620\/revisions"}],"predecessor-version":[{"id":81622,"href":"https:\/\/www.caririemacao.com\/1\/wp-json\/wp\/v2\/posts\/81620\/revisions\/81622"}],"wp:featuredmedia":[{"embeddable":true,"href":"https:\/\/www.caririemacao.com\/1\/wp-json\/wp\/v2\/media\/81621"}],"wp:attachment":[{"href":"https:\/\/www.caririemacao.com\/1\/wp-json\/wp\/v2\/media?parent=81620"}],"wp:term":[{"taxonomy":"category","embeddable":true,"href":"https:\/\/www.caririemacao.com\/1\/wp-json\/wp\/v2\/categories?post=81620"},{"taxonomy":"post_tag","embeddable":true,"href":"https:\/\/www.caririemacao.com\/1\/wp-json\/wp\/v2\/tags?post=81620"}],"curies":[{"name":"wp","href":"https:\/\/api.w.org\/{rel}","templated":true}]}}