{"id":81627,"date":"2019-01-19T07:24:30","date_gmt":"2019-01-19T10:24:30","guid":{"rendered":"http:\/\/www.caririemacao.com\/1\/?p=81627"},"modified":"2019-01-19T07:24:34","modified_gmt":"2019-01-19T10:24:34","slug":"governador-referenda-nome-de-galdino-para-presidir-assembleia-legislativa","status":"publish","type":"post","link":"https:\/\/www.caririemacao.com\/1\/2019\/01\/19\/governador-referenda-nome-de-galdino-para-presidir-assembleia-legislativa\/","title":{"rendered":"Governador referenda nome de Galdino para presidir Assembleia Legislativa"},"content":{"rendered":"\n<p>Na manh\u00e3 desta sexta-feira (18), durante solenidade no Tribunal de Contas da Para\u00edba (TCE-PB), o governador Jo\u00e3o Azevedo (PSB) comentou acerca do debate envolvendo a elei\u00e7\u00e3o para presid\u00eancia da Assembleia Legislativa da Para\u00edba (ALPB) e Azevedo foi enf\u00e1tico ao referendar o nome de Adriano Galdino (ALPB) como candidato \u00e0 presid\u00eancia da base governista.<\/p>\n\n\n\n<p>O governador disse que falta apenas pequenos detalhes internos para que o nome de Galdino seja anunciado de forma oficial. Azevedo destacou a articula\u00e7\u00e3o feita por Galdino, tanto na base governista quanto na oposi\u00e7\u00e3o.<\/p>\n\n\n\n<p>Fonte: Pauta PB<\/p>\n","protected":false},"excerpt":{"rendered":"<p>Na manh\u00e3 desta sexta-feira (18), durante solenidade no Tribunal de Contas da Para\u00edba (TCE-PB), o governador Jo\u00e3o Azevedo (PSB) comentou acerca do debate envolvendo a&hellip; <\/p>\n","protected":false},"author":1,"featured_media":81628,"comment_status":"closed","ping_status":"closed","sticky":false,"template":"","format":"standard","meta":{"sfsi_plus_gutenberg_text_before_share":"","sfsi_plus_gutenberg_show_text_before_share":"","sfsi_plus_gutenberg_icon_type":"","sfsi_plus_gutenberg_icon_alignemt":"","sfsi_plus_gutenburg_max_per_row":"","footnotes":""},"categories":[11],"tags":[],"class_list":["post-81627","post","type-post","status-publish","format-standard","has-post-thumbnail","hentry","category-politica"],"_links":{"self":[{"href":"https:\/\/www.caririemacao.com\/1\/wp-json\/wp\/v2\/posts\/81627","targetHints":{"allow":["GET"]}}],"collection":[{"href":"https:\/\/www.caririemacao.com\/1\/wp-json\/wp\/v2\/posts"}],"about":[{"href":"https:\/\/www.caririemacao.com\/1\/wp-json\/wp\/v2\/types\/post"}],"author":[{"embeddable":true,"href":"https:\/\/www.caririemacao.com\/1\/wp-json\/wp\/v2\/users\/1"}],"replies":[{"embeddable":true,"href":"https:\/\/www.caririemacao.com\/1\/wp-json\/wp\/v2\/comments?post=81627"}],"version-history":[{"count":1,"href":"https:\/\/www.caririemacao.com\/1\/wp-json\/wp\/v2\/posts\/81627\/revisions"}],"predecessor-version":[{"id":81629,"href":"https:\/\/www.caririemacao.com\/1\/wp-json\/wp\/v2\/posts\/81627\/revisions\/81629"}],"wp:featuredmedia":[{"embeddable":true,"href":"https:\/\/www.caririemacao.com\/1\/wp-json\/wp\/v2\/media\/81628"}],"wp:attachment":[{"href":"https:\/\/www.caririemacao.com\/1\/wp-json\/wp\/v2\/media?parent=81627"}],"wp:term":[{"taxonomy":"category","embeddable":true,"href":"https:\/\/www.caririemacao.com\/1\/wp-json\/wp\/v2\/categories?post=81627"},{"taxonomy":"post_tag","embeddable":true,"href":"https:\/\/www.caririemacao.com\/1\/wp-json\/wp\/v2\/tags?post=81627"}],"curies":[{"name":"wp","href":"https:\/\/api.w.org\/{rel}","templated":true}]}}