{"id":81645,"date":"2019-01-19T07:30:45","date_gmt":"2019-01-19T10:30:45","guid":{"rendered":"http:\/\/www.caririemacao.com\/1\/?p=81645"},"modified":"2019-01-19T07:30:50","modified_gmt":"2019-01-19T10:30:50","slug":"ato-de-vandalismo-e-registrado-na-parede-do-cemiterio-em-monteiro","status":"publish","type":"post","link":"https:\/\/www.caririemacao.com\/1\/2019\/01\/19\/ato-de-vandalismo-e-registrado-na-parede-do-cemiterio-em-monteiro\/","title":{"rendered":"Ato de vandalismo \u00e9 registrado na parede do cemit\u00e9rio em Monteiro"},"content":{"rendered":"\n<p>Uma das paredes do cemit\u00e9rio de Monteiro foi alvo de vandalismo com a escrita da palavra \u201cOKAIDA\u201d que \u00e9 considera\u00e7\u00e3o uma das maiores organiza\u00e7\u00f5es criminosas do pa\u00eds.<br>A pixa\u00e7\u00e3o foi feita na parede lateral na&nbsp;Rua Jurandir Silveira de Souza.<\/p>\n\n\n\n<p><strong>HORA1PB<\/strong><\/p>\n","protected":false},"excerpt":{"rendered":"<p>Uma das paredes do cemit\u00e9rio de Monteiro foi alvo de vandalismo com a escrita da palavra \u201cOKAIDA\u201d que \u00e9 considera\u00e7\u00e3o uma das maiores organiza\u00e7\u00f5es criminosas&hellip; <\/p>\n","protected":false},"author":1,"featured_media":81646,"comment_status":"closed","ping_status":"closed","sticky":false,"template":"","format":"standard","meta":{"sfsi_plus_gutenberg_text_before_share":"","sfsi_plus_gutenberg_show_text_before_share":"","sfsi_plus_gutenberg_icon_type":"","sfsi_plus_gutenberg_icon_alignemt":"","sfsi_plus_gutenburg_max_per_row":"","footnotes":""},"categories":[6],"tags":[],"class_list":["post-81645","post","type-post","status-publish","format-standard","has-post-thumbnail","hentry","category-cidades"],"_links":{"self":[{"href":"https:\/\/www.caririemacao.com\/1\/wp-json\/wp\/v2\/posts\/81645","targetHints":{"allow":["GET"]}}],"collection":[{"href":"https:\/\/www.caririemacao.com\/1\/wp-json\/wp\/v2\/posts"}],"about":[{"href":"https:\/\/www.caririemacao.com\/1\/wp-json\/wp\/v2\/types\/post"}],"author":[{"embeddable":true,"href":"https:\/\/www.caririemacao.com\/1\/wp-json\/wp\/v2\/users\/1"}],"replies":[{"embeddable":true,"href":"https:\/\/www.caririemacao.com\/1\/wp-json\/wp\/v2\/comments?post=81645"}],"version-history":[{"count":1,"href":"https:\/\/www.caririemacao.com\/1\/wp-json\/wp\/v2\/posts\/81645\/revisions"}],"predecessor-version":[{"id":81647,"href":"https:\/\/www.caririemacao.com\/1\/wp-json\/wp\/v2\/posts\/81645\/revisions\/81647"}],"wp:featuredmedia":[{"embeddable":true,"href":"https:\/\/www.caririemacao.com\/1\/wp-json\/wp\/v2\/media\/81646"}],"wp:attachment":[{"href":"https:\/\/www.caririemacao.com\/1\/wp-json\/wp\/v2\/media?parent=81645"}],"wp:term":[{"taxonomy":"category","embeddable":true,"href":"https:\/\/www.caririemacao.com\/1\/wp-json\/wp\/v2\/categories?post=81645"},{"taxonomy":"post_tag","embeddable":true,"href":"https:\/\/www.caririemacao.com\/1\/wp-json\/wp\/v2\/tags?post=81645"}],"curies":[{"name":"wp","href":"https:\/\/api.w.org\/{rel}","templated":true}]}}