{"id":81650,"date":"2019-01-19T07:32:52","date_gmt":"2019-01-19T10:32:52","guid":{"rendered":"http:\/\/www.caririemacao.com\/1\/?p=81650"},"modified":"2019-01-19T07:32:57","modified_gmt":"2019-01-19T10:32:57","slug":"aluna-de-escola-publica-da-paraiba-faz-980-pontos-na-redacao-do-enem-2018-tres-anos-focada","status":"publish","type":"post","link":"https:\/\/www.caririemacao.com\/1\/2019\/01\/19\/aluna-de-escola-publica-da-paraiba-faz-980-pontos-na-redacao-do-enem-2018-tres-anos-focada\/","title":{"rendered":"Aluna de escola p\u00fablica da Para\u00edba faz 980 pontos na reda\u00e7\u00e3o do Enem 2018: \u2018tr\u00eas anos focada\u2019"},"content":{"rendered":"\n<p>Maria Eduarda Ferreira tem 17 anos, mas h\u00e1 tr\u00eas anos decidiu focar na prova que seria a decisiva da sua vida. Aluna da Escola Estadual Arruda C\u00e2mara, na cidade de Pombal, Sert\u00e3o paraibano, Eduarda conseguiu, no Enem 2019, somar 980 pontos na reda\u00e7\u00e3o.<\/p>\n\n\n\n<p>Ficou muito surpresa porque, apesar de j\u00e1 ter discutido sobre tecnologia em outras reda\u00e7\u00f5es, nunca havia escrito sobre um tema t\u00e3o espec\u00edfico. \u201cFa\u00e7o [cursinho de] reda\u00e7\u00e3o desde o 1\u00ba ano, tr\u00eas anos focada. Um conjunto de esfor\u00e7o e \u00f3timo ensino\u201d, declarou a adolescente.<\/p>\n\n\n\n<p>Para a estudante, uma receita simples foi fundamental para atingir a pontua\u00e7\u00e3o que precisava. Al\u00e9m do cursinho que fazia em hor\u00e1rio extraclasse, atribui a sua nota n\u00e3o apenas \u00e0 sua dedica\u00e7\u00e3o e aos estudos, mas tamb\u00e9m aos professores capacitados que passaram por sua trajet\u00f3ria.<\/p>\n\n\n\n<p>\u201cO ensino era bom. Os professores eram muito capacitados. Mas eu achei importante para dar um refor\u00e7o no que eu j\u00e1 via na escola. E tamb\u00e9m porque nem sempre d\u00e1 para ver todo conte\u00fado numa escola p\u00fablica\u201d, explicou Maria Eduarda, sobre a escolha de ter aulas particulares al\u00e9m das que assistia na escola estadual.<\/p>\n\n\n\n<p>O tempo de estudo \u00e9, para Eduarda, uma das principais causas que levam ao bom desempenho. Na Escola Estadual Arruda C\u00e2mara, ela estudava pela manh\u00e3.<\/p>\n\n\n\n<p>Quando chegava em casa, logo ap\u00f3s a aula, estudava at\u00e9 as 17h e, \u00e0s 18h30, come\u00e7ava a aula no cursinho. Uma rotina corrida, mas focada nos estudos. Fazia uma reda\u00e7\u00e3o por semana.<\/p>\n\n\n\n<p>Se somado aos tr\u00eas anos de estudo que Eduarda j\u00e1 se dedicou, foram 36 reda\u00e7\u00f5es para chegar aos 980.<\/p>\n\n\n\n<p>\u00c9 verdade que ela n\u00e3o \u00e9 uma novata na prova do Enem. Esse \u00e9 o quarto ano que a adolescente faz o exame e, certamente, a prepara\u00e7\u00e3o foi determinante para conhecer bem o que iria encontrar na reda\u00e7\u00e3o.<\/p>\n\n\n\n<p>\u201cNa m\u00e9dia, a nota foi boa, principalmente em linguagens\u201d, conta.<\/p>\n\n\n\n<p>O tema da reda\u00e7\u00e3o \u00e9 quase unanimidade. \u201cAchei muito dif\u00edcil. Na hora fiquei sem ideia, depois que li os textos foi melhorando\u201d, opinou Maria Eduarda.<\/p>\n\n\n\n<p>\u201cEu me baseei nos textos que j\u00e1 tinham na prova e no conhecimento que eu adquiri ao longo dos anos de cursinho\u201d, explica. Ela ainda acrescenta que a professora de reda\u00e7\u00e3o foi \u201cmuito importante\u201d para que ela pudesse atingir a pontua\u00e7\u00e3o.<\/p>\n\n\n\n<p>G1 PB<\/p>\n","protected":false},"excerpt":{"rendered":"<p>Maria Eduarda Ferreira tem 17 anos, mas h\u00e1 tr\u00eas anos decidiu focar na prova que seria a decisiva da sua vida. Aluna da Escola Estadual&hellip; <\/p>\n","protected":false},"author":1,"featured_media":81651,"comment_status":"closed","ping_status":"closed","sticky":false,"template":"","format":"standard","meta":{"sfsi_plus_gutenberg_text_before_share":"","sfsi_plus_gutenberg_show_text_before_share":"","sfsi_plus_gutenberg_icon_type":"","sfsi_plus_gutenberg_icon_alignemt":"","sfsi_plus_gutenburg_max_per_row":"","footnotes":""},"categories":[14],"tags":[],"class_list":["post-81650","post","type-post","status-publish","format-standard","has-post-thumbnail","hentry","category-educacao"],"_links":{"self":[{"href":"https:\/\/www.caririemacao.com\/1\/wp-json\/wp\/v2\/posts\/81650","targetHints":{"allow":["GET"]}}],"collection":[{"href":"https:\/\/www.caririemacao.com\/1\/wp-json\/wp\/v2\/posts"}],"about":[{"href":"https:\/\/www.caririemacao.com\/1\/wp-json\/wp\/v2\/types\/post"}],"author":[{"embeddable":true,"href":"https:\/\/www.caririemacao.com\/1\/wp-json\/wp\/v2\/users\/1"}],"replies":[{"embeddable":true,"href":"https:\/\/www.caririemacao.com\/1\/wp-json\/wp\/v2\/comments?post=81650"}],"version-history":[{"count":1,"href":"https:\/\/www.caririemacao.com\/1\/wp-json\/wp\/v2\/posts\/81650\/revisions"}],"predecessor-version":[{"id":81652,"href":"https:\/\/www.caririemacao.com\/1\/wp-json\/wp\/v2\/posts\/81650\/revisions\/81652"}],"wp:featuredmedia":[{"embeddable":true,"href":"https:\/\/www.caririemacao.com\/1\/wp-json\/wp\/v2\/media\/81651"}],"wp:attachment":[{"href":"https:\/\/www.caririemacao.com\/1\/wp-json\/wp\/v2\/media?parent=81650"}],"wp:term":[{"taxonomy":"category","embeddable":true,"href":"https:\/\/www.caririemacao.com\/1\/wp-json\/wp\/v2\/categories?post=81650"},{"taxonomy":"post_tag","embeddable":true,"href":"https:\/\/www.caririemacao.com\/1\/wp-json\/wp\/v2\/tags?post=81650"}],"curies":[{"name":"wp","href":"https:\/\/api.w.org\/{rel}","templated":true}]}}