{"id":81658,"date":"2019-01-19T07:45:12","date_gmt":"2019-01-19T10:45:12","guid":{"rendered":"http:\/\/www.caririemacao.com\/1\/?p=81658"},"modified":"2019-01-19T07:45:16","modified_gmt":"2019-01-19T10:45:16","slug":"mpf-pede-que-raquel-dodge-va-ao-stf-contra-decreto-sobre-posse-de-armas-de-jair-bolsonaro","status":"publish","type":"post","link":"https:\/\/www.caririemacao.com\/1\/2019\/01\/19\/mpf-pede-que-raquel-dodge-va-ao-stf-contra-decreto-sobre-posse-de-armas-de-jair-bolsonaro\/","title":{"rendered":"MPF pede que Raquel Dodge v\u00e1 ao STF contra decreto sobre posse de armas de Jair Bolsonaro"},"content":{"rendered":"\n<p>O Minist\u00e9rio P\u00fablico Federal (MPF) pediu nesta sexta-feira (18) que a Procuradoria-Geral da Rep\u00fablica (PGR) questione, no Supremo Tribunal Federal, o decreto do presidente da Rep\u00fablica,\u00a0Jair Bolsonaro, que\u00a0facilita a posse de armas de fogo. No parecer, o \u00f3rgao diz que as novas regras ferem a Constitui\u00e7\u00e3o, o Estatuto do Desarmamento e a separa\u00e7\u00e3o dos poderes.<\/p>\n\n\n\n<p>O documento de 27 p\u00e1ginas deve ser analisado na pr\u00f3xima semana pela procuradora-geral da Rep\u00fablica, Raquel Dodge. O MPF pede que a PGR envie uma a\u00e7\u00e3o de descumprimento de preceito fundamental (ADPF) \u2013 processo que pode resultar numa suspens\u00e3o, liminar ou definitiva, das novas regras.<\/p>\n\n\n\n<p>Se o pedido for aceito, a a\u00e7\u00e3o da PGR deve ficar sob relatoria do ministro do STF Celso de Mello. Isso, porque ele j\u00e1 \u00e9 relator de uma a\u00e7\u00e3o similar\u00a0protocolada nesta quinta (17) pelo PCdoB. O ministro s\u00f3 volta do recesso do Judici\u00e1rio em 1\u00ba de fevereiro.<\/p>\n\n\n\n<h2 class=\"wp-block-heading\">O que diz o MPF?<\/h2>\n\n\n\n<p>A representa\u00e7\u00e3o do MPF no Distrito Federal \u00e9 assinada pelos procuradores federais Deborah Duprat e Marlon Alberto Weichert. Nela, eles apontam uma s\u00e9rie de motivos para impugnar o decreto de Jair Bolsonaro.<\/p>\n\n\n\n<p>Segundo os procuradores, o decreto afronta a separa\u00e7\u00e3o dos poderes porque &#8220;n\u00e3o pode alterar o objetivo da norma legal, bem como ampliar ou reduzir sua abrang\u00eancia&#8221;. Em outras palavras, eles alegam que um decreto n\u00e3o tem for\u00e7a suficiente para reverter o Estatuto do Desarmamento.<\/p>\n\n\n\n<p>&#8220;A referida lei instituiu um sistema de&nbsp;<strong>permissividade restrita<\/strong>&nbsp;de posse de armas, e o decreto pretende alterar substancialmente essa orienta\u00e7\u00e3o, para um modelo de&nbsp;<strong>elegibilidade geral<\/strong>&nbsp;\u00e0 posse de armas de fogo&#8221;, diz o documento. Os grifos s\u00e3o da pe\u00e7a original.<\/p>\n\n\n\n<p>A representa\u00e7\u00e3o tamb\u00e9m questiona os crit\u00e9rios inclu\u00eddos no decreto para demonstrar a &#8220;efetiva necessidade&#8221; de uma arma. Pelas novas regras, todos os moradores de \u00e1reas rurais \u2013 30 milh\u00f5es de pessoas, segundo o MPF \u2013 e de \u00e1reas urbanas com determinado n\u00edvel de viol\u00eancia t\u00eam direito ao registro da arma.<\/p>\n\n\n\n<p>&#8220;Em s\u00edntese, a aplica\u00e7\u00e3o conjunta dos incisos III e IV revela que toda a popula\u00e7\u00e3o brasileira \u2013 urbana e rural \u2013 tem em seu favor a presun\u00e7\u00e3o de &#8216;efetiva necessidade'&#8221;, diz o MPF.<\/p>\n\n\n\n<p>Na an\u00e1lise da Constitui\u00e7\u00e3o, a dupla de procuradores afirma que o decreto de Bolsonaro fere princ\u00edpios de igualdade e solidariedade.<\/p>\n\n\n\n<blockquote class=\"wp-block-quote is-layout-flow wp-block-quote-is-layout-flow\"><p>&#8220;N\u00e3o h\u00e1 ideia mais antag\u00f4nica \u00e0 no\u00e7\u00e3o de solidariedade do que a de amigo-inimigo, a de armar cidad\u00e3os para se defender de outros cidad\u00e3os, numa vis\u00e3o tosca de bem e mal.&#8221;<\/p><\/blockquote>\n\n\n\n<h2 class=\"wp-block-heading\">O que diz o decreto?<\/h2>\n\n\n\n<p>O decreto assinado na \u00faltima ter\u00e7a (15) por Bolsonaro flexibiliza as regras para obter direito \u00e0 posse de armas de fogo.<\/p>\n\n\n\n<p>A posse \u00e9 a autoriza\u00e7\u00e3o para manter uma arma de fogo em casa ou no local de trabalho (desde que o dono da arma seja o respons\u00e1vel legal pelo estabelecimento).<\/p>\n\n\n\n<p>O texto do decreto permite aos cidad\u00e3os residentes em \u00e1rea urbana ou rural manter arma de fogo em casa, desde que cumpridos os requisitos de &#8220;efetiva necessidade&#8221;, a serem examinados pela Pol\u00edcia Federal.<\/p>\n\n\n\n<p><\/p>\n\n\n\n<p>G1<\/p>\n","protected":false},"excerpt":{"rendered":"<p>O Minist\u00e9rio P\u00fablico Federal (MPF) pediu nesta sexta-feira (18) que a Procuradoria-Geral da Rep\u00fablica (PGR) questione, no Supremo Tribunal Federal, o decreto do presidente da&hellip; <\/p>\n","protected":false},"author":1,"featured_media":54078,"comment_status":"closed","ping_status":"closed","sticky":false,"template":"","format":"standard","meta":{"sfsi_plus_gutenberg_text_before_share":"","sfsi_plus_gutenberg_show_text_before_share":"","sfsi_plus_gutenberg_icon_type":"","sfsi_plus_gutenberg_icon_alignemt":"","sfsi_plus_gutenburg_max_per_row":"","footnotes":""},"categories":[12],"tags":[],"class_list":["post-81658","post","type-post","status-publish","format-standard","has-post-thumbnail","hentry","category-policia"],"_links":{"self":[{"href":"https:\/\/www.caririemacao.com\/1\/wp-json\/wp\/v2\/posts\/81658","targetHints":{"allow":["GET"]}}],"collection":[{"href":"https:\/\/www.caririemacao.com\/1\/wp-json\/wp\/v2\/posts"}],"about":[{"href":"https:\/\/www.caririemacao.com\/1\/wp-json\/wp\/v2\/types\/post"}],"author":[{"embeddable":true,"href":"https:\/\/www.caririemacao.com\/1\/wp-json\/wp\/v2\/users\/1"}],"replies":[{"embeddable":true,"href":"https:\/\/www.caririemacao.com\/1\/wp-json\/wp\/v2\/comments?post=81658"}],"version-history":[{"count":1,"href":"https:\/\/www.caririemacao.com\/1\/wp-json\/wp\/v2\/posts\/81658\/revisions"}],"predecessor-version":[{"id":81659,"href":"https:\/\/www.caririemacao.com\/1\/wp-json\/wp\/v2\/posts\/81658\/revisions\/81659"}],"wp:featuredmedia":[{"embeddable":true,"href":"https:\/\/www.caririemacao.com\/1\/wp-json\/wp\/v2\/media\/54078"}],"wp:attachment":[{"href":"https:\/\/www.caririemacao.com\/1\/wp-json\/wp\/v2\/media?parent=81658"}],"wp:term":[{"taxonomy":"category","embeddable":true,"href":"https:\/\/www.caririemacao.com\/1\/wp-json\/wp\/v2\/categories?post=81658"},{"taxonomy":"post_tag","embeddable":true,"href":"https:\/\/www.caririemacao.com\/1\/wp-json\/wp\/v2\/tags?post=81658"}],"curies":[{"name":"wp","href":"https:\/\/api.w.org\/{rel}","templated":true}]}}