{"id":81663,"date":"2019-01-19T09:16:05","date_gmt":"2019-01-19T12:16:05","guid":{"rendered":"http:\/\/www.caririemacao.com\/1\/?p=81663"},"modified":"2019-01-19T09:16:09","modified_gmt":"2019-01-19T12:16:09","slug":"presidente-da-assembleia-gervasio-revela-em-quem-votaria-para-substitui-lo","status":"publish","type":"post","link":"https:\/\/www.caririemacao.com\/1\/2019\/01\/19\/presidente-da-assembleia-gervasio-revela-em-quem-votaria-para-substitui-lo\/","title":{"rendered":"Presidente da Assembleia, Gerv\u00e1sio revela em quem votaria para substitu\u00ed-lo"},"content":{"rendered":"\n<p>Eleito deputado federal nas \u00faltimas elei\u00e7\u00f5es, o presidente da Assembleia Legislativa da Para\u00edba, Gerv\u00e1sio MAia, revelou, durante entrevista \u00e0 emissora de r\u00e1dio da Capital, em quem votaria caso fosse permanecer na Casa de Jos\u00e9 Am\u00e9rico.<\/p>\n\n\n\n<p>Gerv\u00e1sio disse que pela contribui\u00e7\u00e3o dada ao Poder Legislativo no per\u00edodo em que esteve como presidente, Adriano Galdino seria o parlamentar que teria o seu voto.&nbsp;&#8220;Adriano contribuiu muito para o engrandecimento do Pode Legislativo, manteve uma boa rela\u00e7\u00e3o com parlamentares da situa\u00e7\u00e3o e oposi\u00e7\u00e3o e sempre respeitou os servidores. Al\u00e9m disso, deu uma grande contribui\u00e7\u00e3o para o governo de Ricardo Coutinho&#8221;, destacou o parlamentar.<\/p>\n\n\n\n<p>Apesar de n\u00e3o participar da elei\u00e7\u00e3o para a pr\u00f3xima Mesa Diretora, Gerv\u00e1sio avalia que a composi\u00e7\u00e3o da gest\u00e3o ser\u00e1 feita em comum acordo entre a oposi\u00e7\u00e3o e a situa\u00e7\u00e3o. &#8220;O PSB tem maioria na Casa, mas tanto para o primeiro quanto para o segundo bi\u00eanio a mesa ser\u00e1 ecl\u00e9tica&#8221;, disse.<\/p>\n\n\n\n<p><em><strong>PB Agora<\/strong><\/em><\/p>\n","protected":false},"excerpt":{"rendered":"<p>Eleito deputado federal nas \u00faltimas elei\u00e7\u00f5es, o presidente da Assembleia Legislativa da Para\u00edba, Gerv\u00e1sio MAia, revelou, durante entrevista \u00e0 emissora de r\u00e1dio da Capital, em&hellip; <\/p>\n","protected":false},"author":1,"featured_media":81664,"comment_status":"closed","ping_status":"closed","sticky":false,"template":"","format":"standard","meta":{"sfsi_plus_gutenberg_text_before_share":"","sfsi_plus_gutenberg_show_text_before_share":"","sfsi_plus_gutenberg_icon_type":"","sfsi_plus_gutenberg_icon_alignemt":"","sfsi_plus_gutenburg_max_per_row":"","footnotes":""},"categories":[11],"tags":[],"class_list":["post-81663","post","type-post","status-publish","format-standard","has-post-thumbnail","hentry","category-politica"],"_links":{"self":[{"href":"https:\/\/www.caririemacao.com\/1\/wp-json\/wp\/v2\/posts\/81663","targetHints":{"allow":["GET"]}}],"collection":[{"href":"https:\/\/www.caririemacao.com\/1\/wp-json\/wp\/v2\/posts"}],"about":[{"href":"https:\/\/www.caririemacao.com\/1\/wp-json\/wp\/v2\/types\/post"}],"author":[{"embeddable":true,"href":"https:\/\/www.caririemacao.com\/1\/wp-json\/wp\/v2\/users\/1"}],"replies":[{"embeddable":true,"href":"https:\/\/www.caririemacao.com\/1\/wp-json\/wp\/v2\/comments?post=81663"}],"version-history":[{"count":1,"href":"https:\/\/www.caririemacao.com\/1\/wp-json\/wp\/v2\/posts\/81663\/revisions"}],"predecessor-version":[{"id":81665,"href":"https:\/\/www.caririemacao.com\/1\/wp-json\/wp\/v2\/posts\/81663\/revisions\/81665"}],"wp:featuredmedia":[{"embeddable":true,"href":"https:\/\/www.caririemacao.com\/1\/wp-json\/wp\/v2\/media\/81664"}],"wp:attachment":[{"href":"https:\/\/www.caririemacao.com\/1\/wp-json\/wp\/v2\/media?parent=81663"}],"wp:term":[{"taxonomy":"category","embeddable":true,"href":"https:\/\/www.caririemacao.com\/1\/wp-json\/wp\/v2\/categories?post=81663"},{"taxonomy":"post_tag","embeddable":true,"href":"https:\/\/www.caririemacao.com\/1\/wp-json\/wp\/v2\/tags?post=81663"}],"curies":[{"name":"wp","href":"https:\/\/api.w.org\/{rel}","templated":true}]}}