{"id":81668,"date":"2019-01-19T09:20:34","date_gmt":"2019-01-19T12:20:34","guid":{"rendered":"http:\/\/www.caririemacao.com\/1\/?p=81668"},"modified":"2019-01-19T09:20:51","modified_gmt":"2019-01-19T12:20:51","slug":"exclusivo-decreto-sobre-armas-age-na-contra-mao-do-combate-a-violencia-avalia-secretario-de-seguranca-da-pb","status":"publish","type":"post","link":"https:\/\/www.caririemacao.com\/1\/2019\/01\/19\/exclusivo-decreto-sobre-armas-age-na-contra-mao-do-combate-a-violencia-avalia-secretario-de-seguranca-da-pb\/","title":{"rendered":"Decreto sobre armas age na contra-m\u00e3o do combate \u00e0 viol\u00eancia, avalia secret\u00e1rio de Seguran\u00e7a da PB"},"content":{"rendered":"\n<p>O secret\u00e1rio de Estado da Seguran\u00e7a P\u00fablica, Jean Francico Bezerra Nunes, discordou&nbsp;da atitude adotada pelo presidente da Rep\u00fablica, Jair Bolsonaro (PSL), que assinou esta semana o decreto que flexibiliza a posse de armas no pa\u00eds. De acordo com o texto, ser\u00e1 poss\u00edvel possuir at\u00e9 quatro armas dentro de uma resid\u00eancia. Em conversa com o&nbsp;<em><strong>PB Agora,&nbsp;<\/strong><\/em>o&nbsp;secret\u00e1rio acredita que o decreto age na contram\u00e3o do combate \u00e0 viol\u00eancia.<\/p>\n\n\n\n<p>O delegado Jean Francisco, que assumiu a Secretaria de Seguran\u00e7a na vaga deixada pelo ex-secret\u00e1rio Cl\u00e1udio Lima n\u00e3o acredita, numa poss\u00edvel redu\u00e7\u00e3o da viol\u00eancia no pa\u00eds disponibilizando mais armas para a popula\u00e7\u00e3o. Jean fez cr\u00edticas \u00e0 mat\u00e9ria e destacou que outras atitudes poderiam ter sido adotadas para reduzir o&nbsp;n\u00famero&nbsp;de mortes violentas.<\/p>\n\n\n\n<p>Para o secret\u00e1rio, a forma proposta pela Presid\u00eancia da Rep\u00fablica n\u00e3o foi a ideal para se obter melhorias na \u00e1rea da seguran\u00e7a p\u00fablica. Segundo ele, a redu\u00e7\u00e3o da viol\u00eancia vem atrav\u00e9s de pol\u00edticas p\u00fablicas. &#8220;Da forma proposta, armando o cidad\u00e3o, garantindo que ele fa\u00e7a a pr\u00f3pria defesa, nos moldes como foi colocado, n\u00e3o entendemos que haver\u00e1 melhoria, pelo contr\u00e1rio, a gente acredita que possa piorar a situa\u00e7\u00e3o&#8221;, declarou o secret\u00e1rio.<\/p>\n\n\n\n<p>Jean Francisco acredita que o aumento do n\u00famero de armas nas m\u00e3os do cidad\u00e3o, mesmo em se tratando apenas da posse, ou seja, o direito de manter a sua arma em casa ou no ambiente de trabalho, trar\u00e1, possivelmente, o aumento do n\u00famero de mortes por armas de fogo, al\u00e9m de representar um risco para quem a possui, assim como, para a sua fam\u00edlia. &#8220;Essas armas, de fato, permanecer\u00e3o na posse ou ser\u00e3o, em determinado momento, utilizadas para andar com elas, come\u00e7ar a portar, levar no carro, transportar?&#8221;, questionou o delegado.<\/p>\n\n\n\n<p>O secret\u00e1rio ressalta que outras medidas poderiam ter sido adotadas antes da assinatura de um decreto dessa import\u00e2ncia. Na opini\u00e3o dele, o tema sequer foi debatido de forma ampla. &#8220;Faltou mais discuss\u00e3o sobre o tema, mais debate, porque a gente vive um per\u00edodo em que est\u00e1 se buscando diminuir a quantidade de armas em circula\u00e7\u00e3o no pa\u00eds&#8221;, observou.<\/p>\n\n\n\n<p>Jean Francisco Bezerra Nunes sugeriu que outras atitudes poderiam ter sido adotadas antes de flexibilizar o acesso \u00e0s armas para a popula\u00e7\u00e3o. Leis mais r\u00edgidas e uma melhor fiscaliza\u00e7\u00e3o das fronteiras poderiam trazer melhores resultados no enfrentamento \u00e0 viol\u00eancia. &#8220;Uma discuss\u00e3o que seria bem-vinda seria o endurecimento da pena para quem tiver portando arma de fogo. Outro tema&nbsp;tamb\u00e9m que tem relev\u00e2ncia e a gente deveria ter levantado \u00e9 impedir que as armas entrem no pa\u00eds de forma clandestina e ilegal e que circulem livremente&#8221;, afirmou o secret\u00e1rio.<\/p>\n\n\n\n<p>O secret\u00e1rio declarou ainda que o decreto age na contram\u00e3o do trabalho desenvolvido nos \u00faltimos anos pela Para\u00edba, que tem procurado estabelecer uma pol\u00edtica de desarmamento de maneira geral. Para ele, &#8220;a popula\u00e7\u00e3o precisa ter um aparato de seguran\u00e7a que possa fazer a sua seguran\u00e7a&nbsp;de uma maneira geral&#8221;. &#8220;A discuss\u00e3o foi muito rasa. Procurou-se a solu\u00e7\u00e3o mais f\u00e1cil, que foi armar o cidad\u00e3o, mas que por outro lado, eu acho que vai ser a mais gravosa&#8221;, concluiu.&nbsp;<\/p>\n\n\n\n<p><em><strong>PB Agora<\/strong><\/em><\/p>\n","protected":false},"excerpt":{"rendered":"<p>O secret\u00e1rio de Estado da Seguran\u00e7a P\u00fablica, Jean Francico Bezerra Nunes, discordou&nbsp;da atitude adotada pelo presidente da Rep\u00fablica, Jair Bolsonaro (PSL), que assinou esta semana&hellip; <\/p>\n","protected":false},"author":1,"featured_media":81669,"comment_status":"closed","ping_status":"closed","sticky":false,"template":"","format":"standard","meta":{"sfsi_plus_gutenberg_text_before_share":"","sfsi_plus_gutenberg_show_text_before_share":"","sfsi_plus_gutenberg_icon_type":"","sfsi_plus_gutenberg_icon_alignemt":"","sfsi_plus_gutenburg_max_per_row":"","footnotes":""},"categories":[11],"tags":[],"class_list":["post-81668","post","type-post","status-publish","format-standard","has-post-thumbnail","hentry","category-politica"],"_links":{"self":[{"href":"https:\/\/www.caririemacao.com\/1\/wp-json\/wp\/v2\/posts\/81668","targetHints":{"allow":["GET"]}}],"collection":[{"href":"https:\/\/www.caririemacao.com\/1\/wp-json\/wp\/v2\/posts"}],"about":[{"href":"https:\/\/www.caririemacao.com\/1\/wp-json\/wp\/v2\/types\/post"}],"author":[{"embeddable":true,"href":"https:\/\/www.caririemacao.com\/1\/wp-json\/wp\/v2\/users\/1"}],"replies":[{"embeddable":true,"href":"https:\/\/www.caririemacao.com\/1\/wp-json\/wp\/v2\/comments?post=81668"}],"version-history":[{"count":2,"href":"https:\/\/www.caririemacao.com\/1\/wp-json\/wp\/v2\/posts\/81668\/revisions"}],"predecessor-version":[{"id":81671,"href":"https:\/\/www.caririemacao.com\/1\/wp-json\/wp\/v2\/posts\/81668\/revisions\/81671"}],"wp:featuredmedia":[{"embeddable":true,"href":"https:\/\/www.caririemacao.com\/1\/wp-json\/wp\/v2\/media\/81669"}],"wp:attachment":[{"href":"https:\/\/www.caririemacao.com\/1\/wp-json\/wp\/v2\/media?parent=81668"}],"wp:term":[{"taxonomy":"category","embeddable":true,"href":"https:\/\/www.caririemacao.com\/1\/wp-json\/wp\/v2\/categories?post=81668"},{"taxonomy":"post_tag","embeddable":true,"href":"https:\/\/www.caririemacao.com\/1\/wp-json\/wp\/v2\/tags?post=81668"}],"curies":[{"name":"wp","href":"https:\/\/api.w.org\/{rel}","templated":true}]}}