{"id":81681,"date":"2019-01-19T13:58:46","date_gmt":"2019-01-19T16:58:46","guid":{"rendered":"http:\/\/www.caririemacao.com\/1\/?p=81681"},"modified":"2019-01-19T14:09:39","modified_gmt":"2019-01-19T17:09:39","slug":"fotos-gente-boa-cavalo-de-pau-e-guilherme-topado-encerram-1a-noite-da-festa-de-janeiro-em-amparo","status":"publish","type":"post","link":"https:\/\/www.caririemacao.com\/1\/2019\/01\/19\/fotos-gente-boa-cavalo-de-pau-e-guilherme-topado-encerram-1a-noite-da-festa-de-janeiro-em-amparo\/","title":{"rendered":"FOTOS: Gente Boa, Cavalo de Pau e Guilherme Topado encerram 1\u00aa noite da Festa de Janeiro em Amparo"},"content":{"rendered":"\n<p>A primeira da programa\u00e7\u00e3o da Festa de Janeiro realizado pela Prefeitura de Amparo atraiu um grande p\u00fablico para a \u2018Capital do Amor e da F\u00e9\u2019.<\/p>\n\n\n\n\n\n<p>A primeira banda a subir ao palco foi a Banda Gente Boa que cantou seus maiores sucessos, apresentando um repert\u00f3rio autentico e lan\u00e7ando sua mais nova m\u00fasica \u201cS\u00f3 serve se for o seu\u2019.<\/p>\n\n\n\n<p>A segunda atra\u00e7\u00e3o da noite foi a Banda Cavalo de Pau, considerada\numa das maiores bandas de forr\u00f3 das antigas com todo seu romantismo e agora com\num novo formato (Rayne, Sabrina, Alex, Eliane) cantando todos os seus maiores\nsucessos fazendo o p\u00fablico relembrar, dan\u00e7ar e se apaixonar. <\/p>\n\n\n\n<p>E para encerrar a noite, o cantor Guilherme Topado realizou seu show, cantando um repert\u00f3rio bastante atualizado. Ele, com sua irreverenciano palco, conseguiu fazer com que as pessoas ficassem na Pra\u00e7a Miguel Pereira at\u00e9 a \u00faltima m\u00fasica, dan\u00e7ando e se confraternizando com amigos e familiares.<\/p>\n\n\n\n<p>O prefeito In\u00e1cio fez uma avalia\u00e7\u00e3o positiva dizendo que os amparenses est\u00e3o de parab\u00e9ns pelo evento que est\u00e1 realizando na cidade de Amparo. Ele aproveitou e convidou as pessoas para participar da \u00faltima, neste s\u00e1bado (19), onde cantam Karkar\u00e1, Bastista Lima e Alisson Levado.<\/p>\n\n\n\n<p><a href=\"https:\/\/www.facebook.com\/media\/set\/?set=a.1459207177548634&amp;type=1&amp;l=fbfeb38b1f\">CLIQUE AQUI E VEJA TODAS AS FOTOS.&nbsp;<\/a><\/p>\n\n\n\n<figure class=\"wp-block-embed-facebook wp-block-embed is-type-rich is-provider-facebook\"><div class=\"wp-block-embed__wrapper\">\n<div class=\"ose- ose-uid-d5fa65fe96e17b7cb74dc2936228e765 ose-embedpress-responsive\" style=\"width:600px; height:550px; max-height:550px; max-width:100%; display:inline-block;\" data-embed-type=\"Facebook\"><iframe allowFullScreen=\"true\" class=\"embera-facebook-iframe-cb5f0 lazyload\" data-src=\"https:\/\/www.facebook.com\/plugins\/post.php?href=https%3A%2F%2Fwww.facebook.com%2Fmedia%2Fset%2F%3Fset%3Da.1459207177548634%26%23038%3Btype%3D1%26%23038%3Bl%3Dfbfeb38b1f&width=600&height=550&show_text=true\" width=\"600\" height=\"550\" style=\"border:none;overflow:hidden\" scrolling=\"no\" frameborder=\"0\" allowTransparency=\"true\" src=\"data:image\/svg+xml;base64,PHN2ZyB3aWR0aD0iMSIgaGVpZ2h0PSIxIiB4bWxucz0iaHR0cDovL3d3dy53My5vcmcvMjAwMC9zdmciPjwvc3ZnPg==\" data-load-mode=\"1\"><\/iframe><\/div>\n<\/div><\/figure>\n","protected":false},"excerpt":{"rendered":"<p>A primeira da programa\u00e7\u00e3o da Festa de Janeiro realizado pela Prefeitura de Amparo atraiu um grande p\u00fablico para a \u2018Capital do Amor e da F\u00e9\u2019.&hellip; <\/p>\n","protected":false},"author":1,"featured_media":81682,"comment_status":"closed","ping_status":"closed","sticky":false,"template":"","format":"standard","meta":{"sfsi_plus_gutenberg_text_before_share":"","sfsi_plus_gutenberg_show_text_before_share":"","sfsi_plus_gutenberg_icon_type":"","sfsi_plus_gutenberg_icon_alignemt":"","sfsi_plus_gutenburg_max_per_row":"","footnotes":""},"categories":[6],"tags":[],"class_list":["post-81681","post","type-post","status-publish","format-standard","has-post-thumbnail","hentry","category-cidades"],"_links":{"self":[{"href":"https:\/\/www.caririemacao.com\/1\/wp-json\/wp\/v2\/posts\/81681","targetHints":{"allow":["GET"]}}],"collection":[{"href":"https:\/\/www.caririemacao.com\/1\/wp-json\/wp\/v2\/posts"}],"about":[{"href":"https:\/\/www.caririemacao.com\/1\/wp-json\/wp\/v2\/types\/post"}],"author":[{"embeddable":true,"href":"https:\/\/www.caririemacao.com\/1\/wp-json\/wp\/v2\/users\/1"}],"replies":[{"embeddable":true,"href":"https:\/\/www.caririemacao.com\/1\/wp-json\/wp\/v2\/comments?post=81681"}],"version-history":[{"count":4,"href":"https:\/\/www.caririemacao.com\/1\/wp-json\/wp\/v2\/posts\/81681\/revisions"}],"predecessor-version":[{"id":81694,"href":"https:\/\/www.caririemacao.com\/1\/wp-json\/wp\/v2\/posts\/81681\/revisions\/81694"}],"wp:featuredmedia":[{"embeddable":true,"href":"https:\/\/www.caririemacao.com\/1\/wp-json\/wp\/v2\/media\/81682"}],"wp:attachment":[{"href":"https:\/\/www.caririemacao.com\/1\/wp-json\/wp\/v2\/media?parent=81681"}],"wp:term":[{"taxonomy":"category","embeddable":true,"href":"https:\/\/www.caririemacao.com\/1\/wp-json\/wp\/v2\/categories?post=81681"},{"taxonomy":"post_tag","embeddable":true,"href":"https:\/\/www.caririemacao.com\/1\/wp-json\/wp\/v2\/tags?post=81681"}],"curies":[{"name":"wp","href":"https:\/\/api.w.org\/{rel}","templated":true}]}}