{"id":81702,"date":"2019-01-19T16:23:51","date_gmt":"2019-01-19T19:23:51","guid":{"rendered":"http:\/\/www.caririemacao.com\/1\/?p=81702"},"modified":"2019-01-19T16:23:54","modified_gmt":"2019-01-19T19:23:54","slug":"homem-tenta-matar-cachorro-com-tres-facadas-em-santa-rita","status":"publish","type":"post","link":"https:\/\/www.caririemacao.com\/1\/2019\/01\/19\/homem-tenta-matar-cachorro-com-tres-facadas-em-santa-rita\/","title":{"rendered":"Homem tenta matar cachorro com tr\u00eas facadas em Santa Rita"},"content":{"rendered":"\n<p>Um homem esfaqueou um cachorro na noite desta sexta-feira (18), em Santa Rita, regi\u00e3o metropolitana de Jo\u00e3o Pessoa. Um pedreiro que passava no local resgatou o animal.<\/p>\n\n\n\n<p>Um homem seguia e uma carro\u00e7a, quando de repente pegou o animal e o atingiu com tr\u00eas golpes de faca. O c\u00e3o ficou agonizando no ch\u00e3o e o homem fugiu do local.<\/p>\n\n\n\n<p>Jos\u00e9 Alexandre de Souza, que trabalha como pedreiro, testemunhou o ato covarde e socorreu o animal para uma cl\u00ednica veterin\u00e1ria. Volunt\u00e1rios se juntaram para arrecadar os custos da cl\u00ednica.<\/p>\n\n\n\n<p>Para ajudar, \u00e9 poss\u00edvel entrar em contato com a&nbsp;<a href=\"https:\/\/www.instagram.com\/p\/BszEhbThxI2\/\">ONG Ajude Anjos de Rua<\/a>.<\/p>\n\n\n\n<p>O suspeito da agress\u00e3o n\u00e3o foi identificado.<\/p>\n\n\n\n<p>CLICK PB<\/p>\n","protected":false},"excerpt":{"rendered":"<p>Um homem esfaqueou um cachorro na noite desta sexta-feira (18), em Santa Rita, regi\u00e3o metropolitana de Jo\u00e3o Pessoa. Um pedreiro que passava no local resgatou&hellip; <\/p>\n","protected":false},"author":1,"featured_media":62167,"comment_status":"closed","ping_status":"closed","sticky":false,"template":"","format":"standard","meta":{"sfsi_plus_gutenberg_text_before_share":"","sfsi_plus_gutenberg_show_text_before_share":"","sfsi_plus_gutenberg_icon_type":"","sfsi_plus_gutenberg_icon_alignemt":"","sfsi_plus_gutenburg_max_per_row":"","footnotes":""},"categories":[12],"tags":[],"class_list":["post-81702","post","type-post","status-publish","format-standard","has-post-thumbnail","hentry","category-policia"],"_links":{"self":[{"href":"https:\/\/www.caririemacao.com\/1\/wp-json\/wp\/v2\/posts\/81702","targetHints":{"allow":["GET"]}}],"collection":[{"href":"https:\/\/www.caririemacao.com\/1\/wp-json\/wp\/v2\/posts"}],"about":[{"href":"https:\/\/www.caririemacao.com\/1\/wp-json\/wp\/v2\/types\/post"}],"author":[{"embeddable":true,"href":"https:\/\/www.caririemacao.com\/1\/wp-json\/wp\/v2\/users\/1"}],"replies":[{"embeddable":true,"href":"https:\/\/www.caririemacao.com\/1\/wp-json\/wp\/v2\/comments?post=81702"}],"version-history":[{"count":1,"href":"https:\/\/www.caririemacao.com\/1\/wp-json\/wp\/v2\/posts\/81702\/revisions"}],"predecessor-version":[{"id":81703,"href":"https:\/\/www.caririemacao.com\/1\/wp-json\/wp\/v2\/posts\/81702\/revisions\/81703"}],"wp:featuredmedia":[{"embeddable":true,"href":"https:\/\/www.caririemacao.com\/1\/wp-json\/wp\/v2\/media\/62167"}],"wp:attachment":[{"href":"https:\/\/www.caririemacao.com\/1\/wp-json\/wp\/v2\/media?parent=81702"}],"wp:term":[{"taxonomy":"category","embeddable":true,"href":"https:\/\/www.caririemacao.com\/1\/wp-json\/wp\/v2\/categories?post=81702"},{"taxonomy":"post_tag","embeddable":true,"href":"https:\/\/www.caririemacao.com\/1\/wp-json\/wp\/v2\/tags?post=81702"}],"curies":[{"name":"wp","href":"https:\/\/api.w.org\/{rel}","templated":true}]}}