{"id":81708,"date":"2019-01-19T16:33:29","date_gmt":"2019-01-19T19:33:29","guid":{"rendered":"http:\/\/www.caririemacao.com\/1\/?p=81708"},"modified":"2019-01-19T16:33:31","modified_gmt":"2019-01-19T19:33:31","slug":"prefeito-do-sertao-aciona-policia-apos-receber-ameacas-na-internet","status":"publish","type":"post","link":"https:\/\/www.caririemacao.com\/1\/2019\/01\/19\/prefeito-do-sertao-aciona-policia-apos-receber-ameacas-na-internet\/","title":{"rendered":"Prefeito do Sert\u00e3o aciona pol\u00edcia ap\u00f3s receber amea\u00e7as na internet"},"content":{"rendered":"\n<p> A Pol\u00edcia Civil foi acionada pelo prefeito da cidade de S\u00e3o Mamede, no Sert\u00e3o da Para\u00edba, Umberto Jefferson (DEM) ap\u00f3s este receber\u00a0v\u00e1rias amea\u00e7as de morte em suas redes sociais <\/p>\n\n\n\n<p>De acordo com o gestor, que registrou boletim de ocorr\u00eancia,&nbsp;as amea\u00e7as partiram de um homem identificado como Carlos Daniel. O suspeito afirmou que \u201cn\u00e3o adiantava colocar seguran\u00e7as ou alarmes\u201d porque o prefeito seria assassinado.<\/p>\n\n\n\n<p>Umberto alegou que suspeita que&nbsp;as amea\u00e7as est\u00e3o relacionadas ao trabalho que desenvolve no Executivo municipal, com cortes de privil\u00e9gios.<\/p>\n\n\n\n<p>\u201cAs redes sociais se tornaram, para alguns que tiveram seus interesses pessoais contrariados, palco de propaga\u00e7\u00e3o do \u00f3dio. Por ser figura p\u00fablica entendo, apesar de n\u00e3o concordar, fazer parte da pol\u00edtica esse tipo de expediente politiqueiro principalmente quando fazemos uma gest\u00e3o s\u00e9ria, justa e que \u00e9 destaque em toda Para\u00edba\u201d, disse.<\/p>\n\n\n\n<p>O prefeito afirmou que essa n\u00e3o foi a primeira vez que recebeu amea\u00e7as e que tamb\u00e9m acionou a Justi\u00e7a por conta de&nbsp;cal\u00fanias e difama\u00e7\u00e3o tamb\u00e9m propagadas atrav\u00e9s das redes sociais.<\/p>\n\n\n\n<p><strong><em>PB Agora<\/em><\/strong><\/p>\n\n\n\n<p><\/p>\n","protected":false},"excerpt":{"rendered":"<p>A Pol\u00edcia Civil foi acionada pelo prefeito da cidade de S\u00e3o Mamede, no Sert\u00e3o da Para\u00edba, Umberto Jefferson (DEM) ap\u00f3s este receber\u00a0v\u00e1rias amea\u00e7as de morte&hellip; <\/p>\n","protected":false},"author":1,"featured_media":81709,"comment_status":"closed","ping_status":"closed","sticky":false,"template":"","format":"standard","meta":{"sfsi_plus_gutenberg_text_before_share":"","sfsi_plus_gutenberg_show_text_before_share":"","sfsi_plus_gutenberg_icon_type":"","sfsi_plus_gutenberg_icon_alignemt":"","sfsi_plus_gutenburg_max_per_row":"","footnotes":""},"categories":[11],"tags":[],"class_list":["post-81708","post","type-post","status-publish","format-standard","has-post-thumbnail","hentry","category-politica"],"_links":{"self":[{"href":"https:\/\/www.caririemacao.com\/1\/wp-json\/wp\/v2\/posts\/81708","targetHints":{"allow":["GET"]}}],"collection":[{"href":"https:\/\/www.caririemacao.com\/1\/wp-json\/wp\/v2\/posts"}],"about":[{"href":"https:\/\/www.caririemacao.com\/1\/wp-json\/wp\/v2\/types\/post"}],"author":[{"embeddable":true,"href":"https:\/\/www.caririemacao.com\/1\/wp-json\/wp\/v2\/users\/1"}],"replies":[{"embeddable":true,"href":"https:\/\/www.caririemacao.com\/1\/wp-json\/wp\/v2\/comments?post=81708"}],"version-history":[{"count":1,"href":"https:\/\/www.caririemacao.com\/1\/wp-json\/wp\/v2\/posts\/81708\/revisions"}],"predecessor-version":[{"id":81710,"href":"https:\/\/www.caririemacao.com\/1\/wp-json\/wp\/v2\/posts\/81708\/revisions\/81710"}],"wp:featuredmedia":[{"embeddable":true,"href":"https:\/\/www.caririemacao.com\/1\/wp-json\/wp\/v2\/media\/81709"}],"wp:attachment":[{"href":"https:\/\/www.caririemacao.com\/1\/wp-json\/wp\/v2\/media?parent=81708"}],"wp:term":[{"taxonomy":"category","embeddable":true,"href":"https:\/\/www.caririemacao.com\/1\/wp-json\/wp\/v2\/categories?post=81708"},{"taxonomy":"post_tag","embeddable":true,"href":"https:\/\/www.caririemacao.com\/1\/wp-json\/wp\/v2\/tags?post=81708"}],"curies":[{"name":"wp","href":"https:\/\/api.w.org\/{rel}","templated":true}]}}