{"id":81713,"date":"2019-01-20T09:10:44","date_gmt":"2019-01-20T12:10:44","guid":{"rendered":"http:\/\/www.caririemacao.com\/1\/?p=81713"},"modified":"2019-01-20T09:10:47","modified_gmt":"2019-01-20T12:10:47","slug":"acidentes-na-noite-deste-sabado-em-zabele-e-s-s-umbuzeiro-deixam-saldo-de-tres-mortes","status":"publish","type":"post","link":"https:\/\/www.caririemacao.com\/1\/2019\/01\/20\/acidentes-na-noite-deste-sabado-em-zabele-e-s-s-umbuzeiro-deixam-saldo-de-tres-mortes\/","title":{"rendered":"Acidentes na noite deste s\u00e1bado em Zabel\u00ea e S. S. Umbuzeiro deixam saldo de tr\u00eas mortes"},"content":{"rendered":"\n<p>A madrugada deste domingo deixou a cidade de Monteiro, Zabel\u00ea e S\u00e3o Sebasti\u00e3o do Umbuzeiro em luto.<\/p>\n\n\n\n<p>Dois graves acidentes foram registrados. O primeiro aconteceu pr\u00f3ximo a S\u00e3o Sebasti\u00e3o do Umbuzeiro, que comemora a tradicional festa de S\u00e3o Sebasti\u00e3o, levando um homem em \u00f3bito.<\/p>\n\n\n\n<p>O segundo acidente aconteceu pr\u00f3ximo a Zabel\u00ea. Informa\u00e7\u00f5es d\u00e3o conta que tr\u00eas pessoas seguiam para Monteiro quando o acidente aconteceu, deixando dois mortos. Os jovens eram bastante conhecidos em Monteiro, sendo as v\u00edtimas fatais Jucielly, que era funcion\u00e1ria do SAMU e filha de Batista do bar e o namorado Charles.<\/p>\n\n\n\n<p>Ainda de acordo com informa\u00e7\u00f5es, Jucielly ainda foi socorrida, por\u00e9m, n\u00e3o resistiu aos ferimentos no Hospital Regional Santa Filomena, em Monteiro.<\/p>\n\n\n\n<p>Vitrine do Cariri<\/p>\n","protected":false},"excerpt":{"rendered":"<p>A madrugada deste domingo deixou a cidade de Monteiro, Zabel\u00ea e S\u00e3o Sebasti\u00e3o do Umbuzeiro em luto. Dois graves acidentes foram registrados. O primeiro aconteceu&hellip; <\/p>\n","protected":false},"author":1,"featured_media":81714,"comment_status":"closed","ping_status":"closed","sticky":false,"template":"","format":"standard","meta":{"sfsi_plus_gutenberg_text_before_share":"","sfsi_plus_gutenberg_show_text_before_share":"","sfsi_plus_gutenberg_icon_type":"","sfsi_plus_gutenberg_icon_alignemt":"","sfsi_plus_gutenburg_max_per_row":"","footnotes":""},"categories":[12],"tags":[],"class_list":["post-81713","post","type-post","status-publish","format-standard","has-post-thumbnail","hentry","category-policia"],"_links":{"self":[{"href":"https:\/\/www.caririemacao.com\/1\/wp-json\/wp\/v2\/posts\/81713","targetHints":{"allow":["GET"]}}],"collection":[{"href":"https:\/\/www.caririemacao.com\/1\/wp-json\/wp\/v2\/posts"}],"about":[{"href":"https:\/\/www.caririemacao.com\/1\/wp-json\/wp\/v2\/types\/post"}],"author":[{"embeddable":true,"href":"https:\/\/www.caririemacao.com\/1\/wp-json\/wp\/v2\/users\/1"}],"replies":[{"embeddable":true,"href":"https:\/\/www.caririemacao.com\/1\/wp-json\/wp\/v2\/comments?post=81713"}],"version-history":[{"count":1,"href":"https:\/\/www.caririemacao.com\/1\/wp-json\/wp\/v2\/posts\/81713\/revisions"}],"predecessor-version":[{"id":81715,"href":"https:\/\/www.caririemacao.com\/1\/wp-json\/wp\/v2\/posts\/81713\/revisions\/81715"}],"wp:featuredmedia":[{"embeddable":true,"href":"https:\/\/www.caririemacao.com\/1\/wp-json\/wp\/v2\/media\/81714"}],"wp:attachment":[{"href":"https:\/\/www.caririemacao.com\/1\/wp-json\/wp\/v2\/media?parent=81713"}],"wp:term":[{"taxonomy":"category","embeddable":true,"href":"https:\/\/www.caririemacao.com\/1\/wp-json\/wp\/v2\/categories?post=81713"},{"taxonomy":"post_tag","embeddable":true,"href":"https:\/\/www.caririemacao.com\/1\/wp-json\/wp\/v2\/tags?post=81713"}],"curies":[{"name":"wp","href":"https:\/\/api.w.org\/{rel}","templated":true}]}}