{"id":81716,"date":"2019-01-20T09:21:38","date_gmt":"2019-01-20T12:21:38","guid":{"rendered":"http:\/\/www.caririemacao.com\/1\/?p=81716"},"modified":"2019-01-20T09:21:46","modified_gmt":"2019-01-20T12:21:46","slug":"jovem-de-27-anos-morre-em-acidente-de-moto-ao-sair-de-festa-em-sao-domingos-do-cariri","status":"publish","type":"post","link":"https:\/\/www.caririemacao.com\/1\/2019\/01\/20\/jovem-de-27-anos-morre-em-acidente-de-moto-ao-sair-de-festa-em-sao-domingos-do-cariri\/","title":{"rendered":"Jovem de 27 anos morre em acidente de moto ao sair de festa, em S\u00e3o Domingos do Cariri"},"content":{"rendered":"\n<p>Um jovem indenficado por Osvaldo, 27 anos, e conhecido na cidade de Cabaceiras carinhosamente por Batipa, faleceu na madrugada deste domingo (20), em um acidente de moto, entre as cidades de Cabaceiras e S\u00e3o Domingos do Cariri, ao sair de um festa, no distrito de Barra de Xand\u00fa, pertencente a S\u00e3o Domingos.<\/p>\n\n\n\n<p>De acordo com informa\u00e7\u00f5es de populares, Osvaldo caiu da moto poucos quil\u00f4metros do local da festa.<\/p>\n\n\n\n<p>O Servi\u00e7o de Atendimento M\u00f3vel de Urg\u00eancia (SAMU) foi acionado, mas o jovem morreu no local.<\/p>\n\n\n\n<p>O corpo est\u00e1 \u00e1s margens da PB-186, aguardando o Instituto M\u00e9dico Legal (IML).<\/p>\n\n\n\n<p>Osvaldo nasceu em Boqueir\u00e3o, mas desde de pequeno morava em Cabaceiras.<\/p>\n\n\n\n<p><strong>&nbsp;Bruno Lira<\/strong><\/p>\n","protected":false},"excerpt":{"rendered":"<p>Um jovem indenficado por Osvaldo, 27 anos, e conhecido na cidade de Cabaceiras carinhosamente por Batipa, faleceu na madrugada deste domingo (20), em um acidente&hellip; <\/p>\n","protected":false},"author":1,"featured_media":81717,"comment_status":"closed","ping_status":"closed","sticky":false,"template":"","format":"standard","meta":{"sfsi_plus_gutenberg_text_before_share":"","sfsi_plus_gutenberg_show_text_before_share":"","sfsi_plus_gutenberg_icon_type":"","sfsi_plus_gutenberg_icon_alignemt":"","sfsi_plus_gutenburg_max_per_row":"","footnotes":""},"categories":[12],"tags":[],"class_list":["post-81716","post","type-post","status-publish","format-standard","has-post-thumbnail","hentry","category-policia"],"_links":{"self":[{"href":"https:\/\/www.caririemacao.com\/1\/wp-json\/wp\/v2\/posts\/81716","targetHints":{"allow":["GET"]}}],"collection":[{"href":"https:\/\/www.caririemacao.com\/1\/wp-json\/wp\/v2\/posts"}],"about":[{"href":"https:\/\/www.caririemacao.com\/1\/wp-json\/wp\/v2\/types\/post"}],"author":[{"embeddable":true,"href":"https:\/\/www.caririemacao.com\/1\/wp-json\/wp\/v2\/users\/1"}],"replies":[{"embeddable":true,"href":"https:\/\/www.caririemacao.com\/1\/wp-json\/wp\/v2\/comments?post=81716"}],"version-history":[{"count":1,"href":"https:\/\/www.caririemacao.com\/1\/wp-json\/wp\/v2\/posts\/81716\/revisions"}],"predecessor-version":[{"id":81718,"href":"https:\/\/www.caririemacao.com\/1\/wp-json\/wp\/v2\/posts\/81716\/revisions\/81718"}],"wp:featuredmedia":[{"embeddable":true,"href":"https:\/\/www.caririemacao.com\/1\/wp-json\/wp\/v2\/media\/81717"}],"wp:attachment":[{"href":"https:\/\/www.caririemacao.com\/1\/wp-json\/wp\/v2\/media?parent=81716"}],"wp:term":[{"taxonomy":"category","embeddable":true,"href":"https:\/\/www.caririemacao.com\/1\/wp-json\/wp\/v2\/categories?post=81716"},{"taxonomy":"post_tag","embeddable":true,"href":"https:\/\/www.caririemacao.com\/1\/wp-json\/wp\/v2\/tags?post=81716"}],"curies":[{"name":"wp","href":"https:\/\/api.w.org\/{rel}","templated":true}]}}