{"id":81720,"date":"2019-01-20T09:54:50","date_gmt":"2019-01-20T12:54:50","guid":{"rendered":"http:\/\/www.caririemacao.com\/1\/?p=81720"},"modified":"2019-01-20T09:54:54","modified_gmt":"2019-01-20T12:54:54","slug":"proposta-amplia-adicional-de-25-para-todo-aposentado-com-ajuda-permanente","status":"publish","type":"post","link":"https:\/\/www.caririemacao.com\/1\/2019\/01\/20\/proposta-amplia-adicional-de-25-para-todo-aposentado-com-ajuda-permanente\/","title":{"rendered":"Proposta amplia adicional de 25% para todo aposentado com ajuda permanente"},"content":{"rendered":"\n<p>O Projeto de Lei 10772\/18 estende para todos os tipos de aposentadoria o direito ao adicional de 25% sobre o valor do benef\u00edcio, se o segurado comprovar que precisa de ajuda permanente de outra pessoa. A proposta tramita na C\u00e2mara dos Deputados.<\/p>\n\n\n\n<p>O adicional ser\u00e1 concedido mesmo se o total da aposentadoria ultrapasse o limite do teto previdenci\u00e1rio (R$ 5.839,45).<\/p>\n\n\n\n<p>Atualmente, a Lei de Benef\u00edcios Previdenci\u00e1rios (8.213\/91) permite esse adicional apenas para aposentados por invalidez que necessite de ajuda permanente.<\/p>\n\n\n\n<p>Para o autor do projeto, deputado Vicentinho (PT-SP), nenhum aposentado deve ficar sem amparo se est\u00e1 em situa\u00e7\u00e3o de necessidade. \u201cEsse tratamento ison\u00f4mico a todo e qualquer segurado do Regime Geral de Previd\u00eancia Social (RGPS) \u00e9 um dos princ\u00edpios fundamentais da Constitui\u00e7\u00e3o.\u201d<\/p>\n\n\n\n<p>A proposta tem o mesmo teor de decis\u00e3o do Superior Tribunal de Justi\u00e7a (STJ) de 22 de agosto de 2018. O entendimento do STJ \u00e9 vinculante, ou seja, deve ser aplicado \u00e0s demais inst\u00e2ncias judiciais. Em todo o Brasil, 769 processos estavam suspensos aguardando a decis\u00e3o.<\/p>\n\n\n\n<p><strong>Tramita\u00e7\u00e3o<\/strong><br>A proposta tramita em\u00a0car\u00e1ter conclusivo\u00a0e ser\u00e1 analisada pelas comiss\u00f5es de Seguridade Social e Fam\u00edlia; de Finan\u00e7as e Tributa\u00e7\u00e3o; e de Constitui\u00e7\u00e3o e Justi\u00e7a e de Cidadania.<\/p>\n\n\n\n<p><\/p>\n\n\n\n<p>EBC<\/p>\n","protected":false},"excerpt":{"rendered":"<p>O Projeto de Lei 10772\/18 estende para todos os tipos de aposentadoria o direito ao adicional de 25% sobre o valor do benef\u00edcio, se o&hellip; <\/p>\n","protected":false},"author":1,"featured_media":81721,"comment_status":"closed","ping_status":"closed","sticky":false,"template":"","format":"standard","meta":{"sfsi_plus_gutenberg_text_before_share":"","sfsi_plus_gutenberg_show_text_before_share":"","sfsi_plus_gutenberg_icon_type":"","sfsi_plus_gutenberg_icon_alignemt":"","sfsi_plus_gutenburg_max_per_row":"","footnotes":""},"categories":[2],"tags":[],"class_list":["post-81720","post","type-post","status-publish","format-standard","has-post-thumbnail","hentry","category-geral"],"_links":{"self":[{"href":"https:\/\/www.caririemacao.com\/1\/wp-json\/wp\/v2\/posts\/81720","targetHints":{"allow":["GET"]}}],"collection":[{"href":"https:\/\/www.caririemacao.com\/1\/wp-json\/wp\/v2\/posts"}],"about":[{"href":"https:\/\/www.caririemacao.com\/1\/wp-json\/wp\/v2\/types\/post"}],"author":[{"embeddable":true,"href":"https:\/\/www.caririemacao.com\/1\/wp-json\/wp\/v2\/users\/1"}],"replies":[{"embeddable":true,"href":"https:\/\/www.caririemacao.com\/1\/wp-json\/wp\/v2\/comments?post=81720"}],"version-history":[{"count":1,"href":"https:\/\/www.caririemacao.com\/1\/wp-json\/wp\/v2\/posts\/81720\/revisions"}],"predecessor-version":[{"id":81722,"href":"https:\/\/www.caririemacao.com\/1\/wp-json\/wp\/v2\/posts\/81720\/revisions\/81722"}],"wp:featuredmedia":[{"embeddable":true,"href":"https:\/\/www.caririemacao.com\/1\/wp-json\/wp\/v2\/media\/81721"}],"wp:attachment":[{"href":"https:\/\/www.caririemacao.com\/1\/wp-json\/wp\/v2\/media?parent=81720"}],"wp:term":[{"taxonomy":"category","embeddable":true,"href":"https:\/\/www.caririemacao.com\/1\/wp-json\/wp\/v2\/categories?post=81720"},{"taxonomy":"post_tag","embeddable":true,"href":"https:\/\/www.caririemacao.com\/1\/wp-json\/wp\/v2\/tags?post=81720"}],"curies":[{"name":"wp","href":"https:\/\/api.w.org\/{rel}","templated":true}]}}