{"id":81724,"date":"2019-01-20T09:56:55","date_gmt":"2019-01-20T12:56:55","guid":{"rendered":"http:\/\/www.caririemacao.com\/1\/?p=81724"},"modified":"2019-01-20T09:56:58","modified_gmt":"2019-01-20T12:56:58","slug":"bolsonaro-embarca-hoje-para-davos-em-sua-1a-viagem-internacional","status":"publish","type":"post","link":"https:\/\/www.caririemacao.com\/1\/2019\/01\/20\/bolsonaro-embarca-hoje-para-davos-em-sua-1a-viagem-internacional\/","title":{"rendered":"Bolsonaro embarca hoje para Davos, em sua 1\u00aa viagem internacional"},"content":{"rendered":"\n<p><br>Com uma agenda voltada para a defesa da abertura econ\u00f4mica, do combate \u00e0 corrup\u00e7\u00e3o e do compromisso com a democracia, o presidente Jair Bolsonaro embarca hoje (20) \u00e0s 22h para Davos, na Su\u00ed\u00e7a, onde participar\u00e1 do F\u00f3rum Econ\u00f4mico Mundial.<\/p>\n\n\n\n<p>Ele viajar\u00e1 acompanhado dos ministros da Economia, Paulo Guedes; das Rela\u00e7\u00f5es Exteriores, Ernesto Ara\u00fajo, e da Justi\u00e7a e Seguran\u00e7a P\u00fablica, Sergio Moro.<\/p>\n\n\n\n<p>Em sua 39\u00aa edi\u00e7\u00e3o, o F\u00f3rum Econ\u00f4mico Mundial re\u00fane a elite pol\u00edtica e econ\u00f4mica global para discutir a conjuntura mundial e estimular a coopera\u00e7\u00e3o entre governos e o setor privado. Na estreia de Bolsonaro no exterior, o governo pretende vender a empres\u00e1rios e a pol\u00edticos a imagem de que a economia brasileira est\u00e1 modernizando-se, com abertura comercial, seguran\u00e7a jur\u00eddica para os investidores externos e reformas estruturais.<\/p>\n\n\n\n<p>O presidente pode discursar na ter\u00e7a-feira (22), num painel sobre a crise na Venezuela, e tem at\u00e9 45 minutos reservados para falar na sess\u00e3o plen\u00e1ria do f\u00f3rum \u00e0s 11h30 de quarta-feira (23), no hor\u00e1rio local, 8h30 em Bras\u00edlia. Bolsonaro tamb\u00e9m pode discursar no painel O Futuro do Brasil, marcado para logo ap\u00f3s a sess\u00e3o plen\u00e1ria.<\/p>\n\n\n\n<p>Na noite de ter\u00e7a, o presidente ter\u00e1 um jantar privado com os presidentes da Col\u00f4mbia, Iv\u00e1n Duque; do Equador, Len\u00edn Moreno; do Peru, Mart\u00edn Vizcarra; e da Costa Rica, Carlos Alvarado Quesada. Os cinco presidentes latino-americanos assistir\u00e3o a uma apresenta\u00e7\u00e3o do presidente executivo da Microsoft, Satya Nadella.<\/p>\n\n\n\n<figure class=\"wp-block-image\"><img decoding=\"async\" data-src=\"https:\/\/paraibaonline.com.br\/wp-content\/uploads\/2019\/01\/bolsonaro-4-567x378.jpg\" alt=\"Foto: Wilson Dias\/Ag\u00eancia Brasil\" class=\"wp-image-563020 lazyload\" src=\"data:image\/svg+xml;base64,PHN2ZyB3aWR0aD0iMSIgaGVpZ2h0PSIxIiB4bWxucz0iaHR0cDovL3d3dy53My5vcmcvMjAwMC9zdmciPjwvc3ZnPg==\" style=\"--smush-placeholder-width: 567px; --smush-placeholder-aspect-ratio: 567\/378;\" \/><\/figure>\n\n\n\n<p>Foto: Wilson Dias\/Ag\u00eancia Brasil<\/p>\n\n\n\n<p>Para quarta-feira (24), est\u00e1 prevista a participa\u00e7\u00e3o do presidente num almo\u00e7o de trabalho sobre a globaliza\u00e7\u00e3o 4.0, que trata da quarta revolu\u00e7\u00e3o industrial proporcionada pela tecnologia e \u00e9 o tema do F\u00f3rum Econ\u00f4mico Mundial neste ano. Em seguida, a comitiva retorna para Zurique, de onde embarca de volta para Bras\u00edlia, chegando \u00e0 capital federal na manh\u00e3 de quinta-feira (25).<\/p>\n\n\n\n<p><strong>Ministros<\/strong><br>Os ministros ter\u00e3o agendas paralelas em Davos. Paulo Guedes tem previstas reuni\u00f5es com a diretora-gerente do Fundo Monet\u00e1rio Internacional (FMI), Christine Lagarde, e encontros bilaterais com o diretor-geral da Organiza\u00e7\u00e3o Mundial do Com\u00e9rcio (OMC), Roberto Azev\u00eado; com o presidente do Banco Interamericano de Desenvolvimento (BID), Luis Roberto Moreno; e com o secret\u00e1rio-geral da C\u00e2mara de Com\u00e9rcio Internacional, John Denton. O ministro da Economia tamb\u00e9m se encontrar\u00e1 com o secret\u00e1rio de Tesouro dos Estados Unidos, Steven Mnuchin.<\/p>\n\n\n\n<p>Guedes tamb\u00e9m pretende reunir-se com empres\u00e1rios das \u00e1reas de infraestrutura, log\u00edstica, energia e tecnologia e representantes de fundos de investimentos e fundos soberanos. Nos encontros, o ministro informar\u00e1 que a equipe econ\u00f4mica trabalha numa agenda calcada em quatro pilares: reforma da Previd\u00eancia, privatiza\u00e7\u00f5es, reforma administrativa e abertura comercial.<\/p>\n\n\n\n<p>Segundo o Minist\u00e9rio da Economia, Guedes informar\u00e1 que o Brasil pretende dobrar os investimentos (p\u00fablico e privados) em pesquisa, tecnologia e inova\u00e7\u00e3o nos pr\u00f3ximos quatro anos e a corrente de com\u00e9rcio \u2013 soma de importa\u00e7\u00f5es e exporta\u00e7\u00f5es \u2013 de 22% para 30% do Produto Interno Bruto (PIB, soma dos bens e servi\u00e7os produzidos no pa\u00eds).<\/p>\n\n\n\n<p>A abertura comercial defendida por Guedes ocorreria de forma gradual, acompanhada de um programa de desburocratiza\u00e7\u00e3o e de redu\u00e7\u00e3o de impostos para empresas para n\u00e3o sacrificar a ind\u00fastria brasileira. A diminui\u00e7\u00e3o de tributos seria financiada por privatiza\u00e7\u00f5es e pelas reformas que conter\u00e3o ou reduzir\u00e3o os gastos p\u00fablicos nos pr\u00f3ximos anos.<\/p>\n\n\n\n<p><\/p>\n\n\n\n<p>EBC<\/p>\n","protected":false},"excerpt":{"rendered":"<p>Com uma agenda voltada para a defesa da abertura econ\u00f4mica, do combate \u00e0 corrup\u00e7\u00e3o e do compromisso com a democracia, o presidente Jair Bolsonaro embarca&hellip; <\/p>\n","protected":false},"author":1,"featured_media":80739,"comment_status":"closed","ping_status":"closed","sticky":false,"template":"","format":"standard","meta":{"sfsi_plus_gutenberg_text_before_share":"","sfsi_plus_gutenberg_show_text_before_share":"","sfsi_plus_gutenberg_icon_type":"","sfsi_plus_gutenberg_icon_alignemt":"","sfsi_plus_gutenburg_max_per_row":"","footnotes":""},"categories":[11],"tags":[],"class_list":["post-81724","post","type-post","status-publish","format-standard","has-post-thumbnail","hentry","category-politica"],"_links":{"self":[{"href":"https:\/\/www.caririemacao.com\/1\/wp-json\/wp\/v2\/posts\/81724","targetHints":{"allow":["GET"]}}],"collection":[{"href":"https:\/\/www.caririemacao.com\/1\/wp-json\/wp\/v2\/posts"}],"about":[{"href":"https:\/\/www.caririemacao.com\/1\/wp-json\/wp\/v2\/types\/post"}],"author":[{"embeddable":true,"href":"https:\/\/www.caririemacao.com\/1\/wp-json\/wp\/v2\/users\/1"}],"replies":[{"embeddable":true,"href":"https:\/\/www.caririemacao.com\/1\/wp-json\/wp\/v2\/comments?post=81724"}],"version-history":[{"count":1,"href":"https:\/\/www.caririemacao.com\/1\/wp-json\/wp\/v2\/posts\/81724\/revisions"}],"predecessor-version":[{"id":81725,"href":"https:\/\/www.caririemacao.com\/1\/wp-json\/wp\/v2\/posts\/81724\/revisions\/81725"}],"wp:featuredmedia":[{"embeddable":true,"href":"https:\/\/www.caririemacao.com\/1\/wp-json\/wp\/v2\/media\/80739"}],"wp:attachment":[{"href":"https:\/\/www.caririemacao.com\/1\/wp-json\/wp\/v2\/media?parent=81724"}],"wp:term":[{"taxonomy":"category","embeddable":true,"href":"https:\/\/www.caririemacao.com\/1\/wp-json\/wp\/v2\/categories?post=81724"},{"taxonomy":"post_tag","embeddable":true,"href":"https:\/\/www.caririemacao.com\/1\/wp-json\/wp\/v2\/tags?post=81724"}],"curies":[{"name":"wp","href":"https:\/\/api.w.org\/{rel}","templated":true}]}}