{"id":81738,"date":"2019-01-20T10:46:53","date_gmt":"2019-01-20T13:46:53","guid":{"rendered":"http:\/\/www.caririemacao.com\/1\/?p=81738"},"modified":"2019-01-20T10:46:57","modified_gmt":"2019-01-20T13:46:57","slug":"com-812-situacao-de-acude-preocupa-populacao-de-sao-domingos-do-cariri","status":"publish","type":"post","link":"https:\/\/www.caririemacao.com\/1\/2019\/01\/20\/com-812-situacao-de-acude-preocupa-populacao-de-sao-domingos-do-cariri\/","title":{"rendered":"Com 8,12%, situa\u00e7\u00e3o de a\u00e7ude preocupa popula\u00e7\u00e3o de S\u00e3o Domingos do Cariri"},"content":{"rendered":"\n<p>\n\nO a\u00e7ude de nome Boqueir\u00e3o, localizado na cidade de S\u00e3o Domingos do Cariri, est\u00e1 com&nbsp; pouca e registra apenas 8,12% de sua capacidade.&nbsp;A situa\u00e7\u00e3o tem preocupado autoridades e moradores da cidade.&nbsp;O manancial \u00e9 respons\u00e1vel pelo abastecimento da popula\u00e7\u00e3o de S\u00e3o Domingos do Cariri de 2.581 pessoas, de acordo com Instituto Brasileiro de Geografia e Estat\u00edstica.&nbsp;O Rio Para\u00edba, beneficiado com a Transposi\u00e7\u00e3o do Rio S\u00e3o Francisco corta a cidade de S\u00e3o Domingos do Cariri, mas as \u00e1guas do rio n\u00e3o des\u00e1gua no a\u00e7ude.<\/p>\n\n\n\n<div class=\"wp-block-image\"><figure class=\"alignleft\"><img decoding=\"async\" data-src=\"http:\/\/www.blogdobrunolira.com.br\/wp-content\/uploads\/2019\/01\/WhatsApp-Image-2019-01-08-at-21.25.33-300x169.jpeg\" alt=\"\" class=\"wp-image-7621 lazyload\" src=\"data:image\/svg+xml;base64,PHN2ZyB3aWR0aD0iMSIgaGVpZ2h0PSIxIiB4bWxucz0iaHR0cDovL3d3dy53My5vcmcvMjAwMC9zdmciPjwvc3ZnPg==\" style=\"--smush-placeholder-width: 300px; --smush-placeholder-aspect-ratio: 300\/169;\" \/><\/figure><\/div>\n\n\n\n<p>Hist\u00f3ria\u00a0O a\u00e7ude foi constru\u00eddo no ano de 1984, pelo ent\u00e3o governador Wilson Leite Braga. O reservat\u00f3rio encheu pela primeira vez no ano de 1985.\u00a0Em 2009, o ent\u00e3o prefeito de S\u00e3o Domingos do Cariri, Jos\u00e9 Ferreira (in memorian), aumentou em um metro a parede do a\u00e7ude e construiu o cal\u00e7amento que d\u00e1 acesso ao manancial.\u00a0 <\/p>\n\n\n\n<p><\/p>\n\n\n\n<p>Bruno Lira<\/p>\n","protected":false},"excerpt":{"rendered":"<p>O a\u00e7ude de nome Boqueir\u00e3o, localizado na cidade de S\u00e3o Domingos do Cariri, est\u00e1 com&nbsp; pouca e registra apenas 8,12% de sua capacidade.&nbsp;A situa\u00e7\u00e3o tem&hellip; <\/p>\n","protected":false},"author":1,"featured_media":60619,"comment_status":"closed","ping_status":"closed","sticky":false,"template":"","format":"standard","meta":{"sfsi_plus_gutenberg_text_before_share":"","sfsi_plus_gutenberg_show_text_before_share":"","sfsi_plus_gutenberg_icon_type":"","sfsi_plus_gutenberg_icon_alignemt":"","sfsi_plus_gutenburg_max_per_row":"","footnotes":""},"categories":[6],"tags":[],"class_list":["post-81738","post","type-post","status-publish","format-standard","has-post-thumbnail","hentry","category-cidades"],"_links":{"self":[{"href":"https:\/\/www.caririemacao.com\/1\/wp-json\/wp\/v2\/posts\/81738","targetHints":{"allow":["GET"]}}],"collection":[{"href":"https:\/\/www.caririemacao.com\/1\/wp-json\/wp\/v2\/posts"}],"about":[{"href":"https:\/\/www.caririemacao.com\/1\/wp-json\/wp\/v2\/types\/post"}],"author":[{"embeddable":true,"href":"https:\/\/www.caririemacao.com\/1\/wp-json\/wp\/v2\/users\/1"}],"replies":[{"embeddable":true,"href":"https:\/\/www.caririemacao.com\/1\/wp-json\/wp\/v2\/comments?post=81738"}],"version-history":[{"count":1,"href":"https:\/\/www.caririemacao.com\/1\/wp-json\/wp\/v2\/posts\/81738\/revisions"}],"predecessor-version":[{"id":81739,"href":"https:\/\/www.caririemacao.com\/1\/wp-json\/wp\/v2\/posts\/81738\/revisions\/81739"}],"wp:featuredmedia":[{"embeddable":true,"href":"https:\/\/www.caririemacao.com\/1\/wp-json\/wp\/v2\/media\/60619"}],"wp:attachment":[{"href":"https:\/\/www.caririemacao.com\/1\/wp-json\/wp\/v2\/media?parent=81738"}],"wp:term":[{"taxonomy":"category","embeddable":true,"href":"https:\/\/www.caririemacao.com\/1\/wp-json\/wp\/v2\/categories?post=81738"},{"taxonomy":"post_tag","embeddable":true,"href":"https:\/\/www.caririemacao.com\/1\/wp-json\/wp\/v2\/tags?post=81738"}],"curies":[{"name":"wp","href":"https:\/\/api.w.org\/{rel}","templated":true}]}}