{"id":81742,"date":"2019-01-20T10:47:58","date_gmt":"2019-01-20T13:47:58","guid":{"rendered":"http:\/\/www.caririemacao.com\/1\/?p=81742"},"modified":"2019-01-20T10:48:04","modified_gmt":"2019-01-20T13:48:04","slug":"duas-cidades-do-cariri-ainda-nao-registraram-chuvas-este-ano","status":"publish","type":"post","link":"https:\/\/www.caririemacao.com\/1\/2019\/01\/20\/duas-cidades-do-cariri-ainda-nao-registraram-chuvas-este-ano\/","title":{"rendered":"Duas cidades do Cariri ainda n\u00e3o registraram chuvas este ano"},"content":{"rendered":"\n<p>Enquanto o Sert\u00e3o paraibano registra fortes chuvas nos primeiros dias do ano, em seis cidades do Cariri e Brejo ainda n\u00e3o choveu este ano. O levantamento foi feito pelo Portal Correio com base nas informa\u00e7\u00f5es disponibilizadas pela Ag\u00eancia Executiva de Gest\u00e3o das \u00c1guas da Para\u00edba (Aesa), at\u00e9 essa sexta-feira (18).<\/p>\n\n\n\n<p>De acordo com a Aesa, as cidades onde n\u00e3o foram registradas precipita\u00e7\u00f5es pluviom\u00e9tricas este ano s\u00e3o: Araruna, Caturit\u00e9, Alagoa Grande, Juarez T\u00e1vora, Amparo e Alcantil, essas duas \u00faltimas da regi\u00e3o do Cariri Paraibano.<\/p>\n","protected":false},"excerpt":{"rendered":"<p>Enquanto o Sert\u00e3o paraibano registra fortes chuvas nos primeiros dias do ano, em seis cidades do Cariri e Brejo ainda n\u00e3o choveu este ano. O&hellip; <\/p>\n","protected":false},"author":1,"featured_media":17234,"comment_status":"closed","ping_status":"closed","sticky":false,"template":"","format":"standard","meta":{"sfsi_plus_gutenberg_text_before_share":"","sfsi_plus_gutenberg_show_text_before_share":"","sfsi_plus_gutenberg_icon_type":"","sfsi_plus_gutenberg_icon_alignemt":"","sfsi_plus_gutenburg_max_per_row":"","footnotes":""},"categories":[6],"tags":[],"class_list":["post-81742","post","type-post","status-publish","format-standard","has-post-thumbnail","hentry","category-cidades"],"_links":{"self":[{"href":"https:\/\/www.caririemacao.com\/1\/wp-json\/wp\/v2\/posts\/81742","targetHints":{"allow":["GET"]}}],"collection":[{"href":"https:\/\/www.caririemacao.com\/1\/wp-json\/wp\/v2\/posts"}],"about":[{"href":"https:\/\/www.caririemacao.com\/1\/wp-json\/wp\/v2\/types\/post"}],"author":[{"embeddable":true,"href":"https:\/\/www.caririemacao.com\/1\/wp-json\/wp\/v2\/users\/1"}],"replies":[{"embeddable":true,"href":"https:\/\/www.caririemacao.com\/1\/wp-json\/wp\/v2\/comments?post=81742"}],"version-history":[{"count":1,"href":"https:\/\/www.caririemacao.com\/1\/wp-json\/wp\/v2\/posts\/81742\/revisions"}],"predecessor-version":[{"id":81743,"href":"https:\/\/www.caririemacao.com\/1\/wp-json\/wp\/v2\/posts\/81742\/revisions\/81743"}],"wp:featuredmedia":[{"embeddable":true,"href":"https:\/\/www.caririemacao.com\/1\/wp-json\/wp\/v2\/media\/17234"}],"wp:attachment":[{"href":"https:\/\/www.caririemacao.com\/1\/wp-json\/wp\/v2\/media?parent=81742"}],"wp:term":[{"taxonomy":"category","embeddable":true,"href":"https:\/\/www.caririemacao.com\/1\/wp-json\/wp\/v2\/categories?post=81742"},{"taxonomy":"post_tag","embeddable":true,"href":"https:\/\/www.caririemacao.com\/1\/wp-json\/wp\/v2\/tags?post=81742"}],"curies":[{"name":"wp","href":"https:\/\/api.w.org\/{rel}","templated":true}]}}