{"id":81748,"date":"2019-01-20T10:55:58","date_gmt":"2019-01-20T13:55:58","guid":{"rendered":"http:\/\/www.caririemacao.com\/1\/?p=81748"},"modified":"2019-01-20T10:56:04","modified_gmt":"2019-01-20T13:56:04","slug":"divulgada-a-pontuacao-dos-candidatos-as-vagas-do-processo-seletivo-da-prefeitura-do-congo","status":"publish","type":"post","link":"https:\/\/www.caririemacao.com\/1\/2019\/01\/20\/divulgada-a-pontuacao-dos-candidatos-as-vagas-do-processo-seletivo-da-prefeitura-do-congo\/","title":{"rendered":"Divulgada a pontua\u00e7\u00e3o dos candidatos \u00e0s vagas do Processo Seletivo da Prefeitura do Congo"},"content":{"rendered":"\n<p>A Comiss\u00e3o Organizadora e Julgadora do Processo Seletivo Simplificado aberto pela Prefeitura Municipal do Congo divulgou na tarde desta sexta-feira (18) a pontua\u00e7\u00e3o obtida pelos candidatos selecionados\/inscritos na primeira etapa do certame, An\u00e1lise Curricular, atendendo ao disposto no item V \u2013 5.3 do Edital.<\/p>\n\n\n\n<p>Os candidatos classificados participar\u00e3o da segunda etapa do seletivo, a entrevista.<\/p>\n\n\n\n<p>Confira a pontua\u00e7\u00e3o dos candidatos:&nbsp;<a href=\"http:\/\/www.congo.pb.gov.br\/images\/Processo_Seletivo_2019\/Seletivo%2001-2019%20-%20Congo%20-%20Resultado%201%20Etapa.pdf\">clique aqui!<\/a><\/p>\n","protected":false},"excerpt":{"rendered":"<p>A Comiss\u00e3o Organizadora e Julgadora do Processo Seletivo Simplificado aberto pela Prefeitura Municipal do Congo divulgou na tarde desta sexta-feira (18) a pontua\u00e7\u00e3o obtida pelos&hellip; <\/p>\n","protected":false},"author":1,"featured_media":72177,"comment_status":"closed","ping_status":"closed","sticky":false,"template":"","format":"standard","meta":{"sfsi_plus_gutenberg_text_before_share":"","sfsi_plus_gutenberg_show_text_before_share":"","sfsi_plus_gutenberg_icon_type":"","sfsi_plus_gutenberg_icon_alignemt":"","sfsi_plus_gutenburg_max_per_row":"","footnotes":""},"categories":[6],"tags":[],"class_list":["post-81748","post","type-post","status-publish","format-standard","has-post-thumbnail","hentry","category-cidades"],"_links":{"self":[{"href":"https:\/\/www.caririemacao.com\/1\/wp-json\/wp\/v2\/posts\/81748","targetHints":{"allow":["GET"]}}],"collection":[{"href":"https:\/\/www.caririemacao.com\/1\/wp-json\/wp\/v2\/posts"}],"about":[{"href":"https:\/\/www.caririemacao.com\/1\/wp-json\/wp\/v2\/types\/post"}],"author":[{"embeddable":true,"href":"https:\/\/www.caririemacao.com\/1\/wp-json\/wp\/v2\/users\/1"}],"replies":[{"embeddable":true,"href":"https:\/\/www.caririemacao.com\/1\/wp-json\/wp\/v2\/comments?post=81748"}],"version-history":[{"count":1,"href":"https:\/\/www.caririemacao.com\/1\/wp-json\/wp\/v2\/posts\/81748\/revisions"}],"predecessor-version":[{"id":81749,"href":"https:\/\/www.caririemacao.com\/1\/wp-json\/wp\/v2\/posts\/81748\/revisions\/81749"}],"wp:featuredmedia":[{"embeddable":true,"href":"https:\/\/www.caririemacao.com\/1\/wp-json\/wp\/v2\/media\/72177"}],"wp:attachment":[{"href":"https:\/\/www.caririemacao.com\/1\/wp-json\/wp\/v2\/media?parent=81748"}],"wp:term":[{"taxonomy":"category","embeddable":true,"href":"https:\/\/www.caririemacao.com\/1\/wp-json\/wp\/v2\/categories?post=81748"},{"taxonomy":"post_tag","embeddable":true,"href":"https:\/\/www.caririemacao.com\/1\/wp-json\/wp\/v2\/tags?post=81748"}],"curies":[{"name":"wp","href":"https:\/\/api.w.org\/{rel}","templated":true}]}}