{"id":81758,"date":"2019-01-20T11:07:21","date_gmt":"2019-01-20T14:07:21","guid":{"rendered":"http:\/\/www.caririemacao.com\/1\/?p=81758"},"modified":"2019-01-20T11:07:24","modified_gmt":"2019-01-20T14:07:24","slug":"brasil-fica-sob-o-comando-de-mourao","status":"publish","type":"post","link":"https:\/\/www.caririemacao.com\/1\/2019\/01\/20\/brasil-fica-sob-o-comando-de-mourao\/","title":{"rendered":"Brasil fica sob o comando de Mour\u00e3o"},"content":{"rendered":"\n<p>De quarta a sexta-feira, Mour\u00e3o ir\u00e1 despachar do gabinete pr\u00f3prio, no Anexo II do Pal\u00e1cio do Planalto. O militar e vice-presidente deve ficar no cargo entre a noite de segunda-feira, 21, at\u00e9 a noite de sexta-feira, 25, de acordo com sua assessoria.<\/p>\n\n\n\n<p>N\u00e3o h\u00e1 previs\u00e3o de que o vice-presidente da Rep\u00fablica, Hamilton Mour\u00e3o, assine alguma medida administrativa ou decreto enquanto estiver no exerc\u00edcio da Presid\u00eancia durante a viagem de Jair Bolsonaro a Davos para o F\u00f3rum Econ\u00f4mico Mundial.&nbsp;<\/p>\n\n\n\n<p>Assim como Dilma, Mour\u00e3o adota h\u00e1bito de pedalar entre Jaburu e Alvorada<br><\/p>\n\n\n\n<p>Mour\u00e3o tem uma viagem programada ao Rio na ter\u00e7a-feira, 22, para a passagem de comando do 2\u00ba Regimento de Cavalaria de Guarda do Ex\u00e9rcito. No mesmo dia, h\u00e1 possibilidade de o vice-presidente jantar com empres\u00e1rios em Bras\u00edlia. De quarta a sexta-feira, Mour\u00e3o ir\u00e1 despachar do gabinete pr\u00f3prio, no Anexo II do Pal\u00e1cio do Planalto.<\/p>\n","protected":false},"excerpt":{"rendered":"<p>De quarta a sexta-feira, Mour\u00e3o ir\u00e1 despachar do gabinete pr\u00f3prio, no Anexo II do Pal\u00e1cio do Planalto. O militar e vice-presidente deve ficar no cargo&hellip; <\/p>\n","protected":false},"author":1,"featured_media":81759,"comment_status":"closed","ping_status":"closed","sticky":false,"template":"","format":"standard","meta":{"sfsi_plus_gutenberg_text_before_share":"","sfsi_plus_gutenberg_show_text_before_share":"","sfsi_plus_gutenberg_icon_type":"","sfsi_plus_gutenberg_icon_alignemt":"","sfsi_plus_gutenburg_max_per_row":"","footnotes":""},"categories":[11],"tags":[],"class_list":["post-81758","post","type-post","status-publish","format-standard","has-post-thumbnail","hentry","category-politica"],"_links":{"self":[{"href":"https:\/\/www.caririemacao.com\/1\/wp-json\/wp\/v2\/posts\/81758","targetHints":{"allow":["GET"]}}],"collection":[{"href":"https:\/\/www.caririemacao.com\/1\/wp-json\/wp\/v2\/posts"}],"about":[{"href":"https:\/\/www.caririemacao.com\/1\/wp-json\/wp\/v2\/types\/post"}],"author":[{"embeddable":true,"href":"https:\/\/www.caririemacao.com\/1\/wp-json\/wp\/v2\/users\/1"}],"replies":[{"embeddable":true,"href":"https:\/\/www.caririemacao.com\/1\/wp-json\/wp\/v2\/comments?post=81758"}],"version-history":[{"count":1,"href":"https:\/\/www.caririemacao.com\/1\/wp-json\/wp\/v2\/posts\/81758\/revisions"}],"predecessor-version":[{"id":81760,"href":"https:\/\/www.caririemacao.com\/1\/wp-json\/wp\/v2\/posts\/81758\/revisions\/81760"}],"wp:featuredmedia":[{"embeddable":true,"href":"https:\/\/www.caririemacao.com\/1\/wp-json\/wp\/v2\/media\/81759"}],"wp:attachment":[{"href":"https:\/\/www.caririemacao.com\/1\/wp-json\/wp\/v2\/media?parent=81758"}],"wp:term":[{"taxonomy":"category","embeddable":true,"href":"https:\/\/www.caririemacao.com\/1\/wp-json\/wp\/v2\/categories?post=81758"},{"taxonomy":"post_tag","embeddable":true,"href":"https:\/\/www.caririemacao.com\/1\/wp-json\/wp\/v2\/tags?post=81758"}],"curies":[{"name":"wp","href":"https:\/\/api.w.org\/{rel}","templated":true}]}}