{"id":81763,"date":"2019-01-20T11:09:50","date_gmt":"2019-01-20T14:09:50","guid":{"rendered":"http:\/\/www.caririemacao.com\/1\/?p=81763"},"modified":"2019-01-20T11:09:53","modified_gmt":"2019-01-20T14:09:53","slug":"homem-mais-velho-do-mundo-morre-aos-113-anos-no-japao","status":"publish","type":"post","link":"https:\/\/www.caririemacao.com\/1\/2019\/01\/20\/homem-mais-velho-do-mundo-morre-aos-113-anos-no-japao\/","title":{"rendered":"Homem mais velho do mundo morre aos 113 anos no Jap\u00e3o"},"content":{"rendered":"\n<figure class=\"wp-block-image\"><img decoding=\"async\" data-src=\"https:\/\/thumbor.clickpb.com.br\/1pj4andKuWyqibcrOXnWXdvLVa0=\/876x585\/top\/smart\/www.clickpb.com.br\/media\/filer_public\/62\/74\/62747190-8221-49f1-ace5-7c59e32744e4\/homem_mais_velho.jpg\" alt=\"\" src=\"data:image\/svg+xml;base64,PHN2ZyB3aWR0aD0iMSIgaGVpZ2h0PSIxIiB4bWxucz0iaHR0cDovL3d3dy53My5vcmcvMjAwMC9zdmciPjwvc3ZnPg==\" class=\"lazyload\" \/><figcaption>Nascido a 25 de julho de 1905, Nonaka cresceu numa grande fam\u00edlia e sucedeu aos seus pais na administra\u00e7\u00e3o da pousada, que agora \u00e9 gerida por sua neta. (Foto: arquivo)<\/figcaption><\/figure>\n\n\n\n<p>A fam\u00edlia informou que Masazo Nonaka morreu na madrugada deste domingo (20) enquanto dormia em casa, em Ashoro, na ilha de Hokkaido, no norte do Jap\u00e3o.<br><\/p>\n\n\n\n<p>Os seus familiares disseram ainda que Nonaka morreu pacificamente, de causas naturais.<br><\/p>\n\n\n\n<p>O centen\u00e1rio, cuja fam\u00edlia administra uma pousada com fontes termais h\u00e1 quatro gera\u00e7\u00f5es, foi certificado no ano passado como o homem mais velho do mundo aos 112 anos e 259 dias.<\/p>\n\n\n\n<p>Nascido a 25 de julho de 1905, Nonaka cresceu numa grande fam\u00edlia e sucedeu aos seus pais na administra\u00e7\u00e3o da pousada, que agora \u00e9 gerida por sua neta.<\/p>\n\n\n\n<p>A mulher e tr\u00eas dos filhos de Nonaka j\u00e1 haviam morrido.<\/p>\n","protected":false},"excerpt":{"rendered":"<p>A fam\u00edlia informou que Masazo Nonaka morreu na madrugada deste domingo (20) enquanto dormia em casa, em Ashoro, na ilha de Hokkaido, no norte do&hellip; <\/p>\n","protected":false},"author":1,"featured_media":81764,"comment_status":"closed","ping_status":"closed","sticky":false,"template":"","format":"standard","meta":{"sfsi_plus_gutenberg_text_before_share":"","sfsi_plus_gutenberg_show_text_before_share":"","sfsi_plus_gutenberg_icon_type":"","sfsi_plus_gutenberg_icon_alignemt":"","sfsi_plus_gutenburg_max_per_row":"","footnotes":""},"categories":[2],"tags":[],"class_list":["post-81763","post","type-post","status-publish","format-standard","has-post-thumbnail","hentry","category-geral"],"_links":{"self":[{"href":"https:\/\/www.caririemacao.com\/1\/wp-json\/wp\/v2\/posts\/81763","targetHints":{"allow":["GET"]}}],"collection":[{"href":"https:\/\/www.caririemacao.com\/1\/wp-json\/wp\/v2\/posts"}],"about":[{"href":"https:\/\/www.caririemacao.com\/1\/wp-json\/wp\/v2\/types\/post"}],"author":[{"embeddable":true,"href":"https:\/\/www.caririemacao.com\/1\/wp-json\/wp\/v2\/users\/1"}],"replies":[{"embeddable":true,"href":"https:\/\/www.caririemacao.com\/1\/wp-json\/wp\/v2\/comments?post=81763"}],"version-history":[{"count":1,"href":"https:\/\/www.caririemacao.com\/1\/wp-json\/wp\/v2\/posts\/81763\/revisions"}],"predecessor-version":[{"id":81765,"href":"https:\/\/www.caririemacao.com\/1\/wp-json\/wp\/v2\/posts\/81763\/revisions\/81765"}],"wp:featuredmedia":[{"embeddable":true,"href":"https:\/\/www.caririemacao.com\/1\/wp-json\/wp\/v2\/media\/81764"}],"wp:attachment":[{"href":"https:\/\/www.caririemacao.com\/1\/wp-json\/wp\/v2\/media?parent=81763"}],"wp:term":[{"taxonomy":"category","embeddable":true,"href":"https:\/\/www.caririemacao.com\/1\/wp-json\/wp\/v2\/categories?post=81763"},{"taxonomy":"post_tag","embeddable":true,"href":"https:\/\/www.caririemacao.com\/1\/wp-json\/wp\/v2\/tags?post=81763"}],"curies":[{"name":"wp","href":"https:\/\/api.w.org\/{rel}","templated":true}]}}