{"id":81772,"date":"2019-01-20T11:14:23","date_gmt":"2019-01-20T14:14:23","guid":{"rendered":"http:\/\/www.caririemacao.com\/1\/?p=81772"},"modified":"2019-01-20T11:14:27","modified_gmt":"2019-01-20T14:14:27","slug":"hoje-na-prisao-lula-brilhou-no-forum-de-davos-em-2003","status":"publish","type":"post","link":"https:\/\/www.caririemacao.com\/1\/2019\/01\/20\/hoje-na-prisao-lula-brilhou-no-forum-de-davos-em-2003\/","title":{"rendered":"Hoje na pris\u00e3o, Lula brilhou no F\u00f3rum de Davos em 2003"},"content":{"rendered":"\n<p>Se Davos est\u00e1 tomada pela curiosidade e at\u00e9 certa apreens\u00e3o sobre o que representa o governo de Jair Bolsonaro, que faz sua estreia internacional nesta semana, n\u00e3o \u00e9 a primeira vez que o F\u00f3rum se transforma em um esp\u00e9cie de teste a um presidente brasileiro. Em 2003, depois de uma forte volatilidade nos mercados financeiros diante da elei\u00e7\u00e3o, o ent\u00e3o rec\u00e9m empossado Luiz In\u00e1cio Lula da Silva foi recebido na esta\u00e7\u00e3o de esqui num clima de desconfian\u00e7a e curiosidade.&nbsp;<\/p>\n\n\n\n<p>Naquele momento, os mercados temiam um governo que pudesse se afastar do mundo financeiro. Mas, em seu primeiro discurso, Lula prop\u00f4s di\u00e1logo, garantiu que n\u00e3o atacaria o capitalismo e moderou seu discurso.<\/p>\n\n\n\n<p>Funcion\u00e1rios de Davos que estiveram naquele evento h\u00e1 16 anos lembram que os coment\u00e1rios foram de al\u00edvio.<\/p>\n\n\n\n<p>Em sua estreia, Lula disse o que a elite das finan\u00e7as mundiais queriam ouvir: faria &#8220;reformas econ\u00f4micas, sociais e pol\u00edticas muito profundas, respeitando contratos e assegurando o equil\u00edbrio econ\u00f4mico&#8221;. Ele n\u00e3o deixou de mandar um recado. &#8220;Aqui, em Davos, convencionou-se dizer que hoje existe um \u00fanico Deus: o mercado. Mas a liberdade de mercado pressup\u00f5e, antes de tudo, a liberdade e a seguran\u00e7a dos cidad\u00e3os&#8221;.<\/p>\n\n\n\n<p>Naquele momento, o discurso foi interpretado como um sinal claro de que n\u00e3o haveria expropria\u00e7\u00f5es nem um confronto com multinacionais e muito menos um questionamento do sistema financeiro.<br><\/p>\n\n\n\n<p>Lula ainda fez um gesto in\u00e9dito: participou num espa\u00e7o de poucos dias do F\u00f3rum Social de Porto Alegre e de seu contraponto, na Su\u00ed\u00e7a. Aos ativistas do Sul prometeu que levaria sua agenda social aos &#8220;donos do capital&#8221;.<\/p>\n\n\n\n<p>Presidentes de grandes bancos como o Citibank elogiaram o discurso em 2003 e o gesto do ent\u00e3o presidente. Bono, vocalista da banda U2, chegou a dizer que Lula havia transformado Davos e colocado a agenda social no evento.<\/p>\n\n\n\n<p>Entre alguns de seus apoiadores, por\u00e9m, houve uma certa resist\u00eancia. &#8220;Lula est\u00e1 dando um presente para um cad\u00e1ver, para um cemit\u00e9rio&#8221;, disse o escritor Emir Sader, que estava em Porto Alegre naquele ano. J\u00e1 o ex-presidente de Portugal, Mario Soares, chegou a dizer que o evento su\u00ed\u00e7o n\u00e3o tinha motivo para continuar existindo. &#8220;Este F\u00f3rum existe h\u00e1 mais de 30 anos e est\u00e1 esgotado&#8221;, afirmou.<\/p>\n\n\n\n<p>Em 2010, Lula recebeu o pr\u00eamio de estadista do ano, concedido pelo F\u00f3rum, mas n\u00e3o compareceu ao evento para receb\u00ea-lo. Anos depois, acusaria Davos de n\u00e3o ter feito sua parte para evitar a crise mundial. Hoje, a pris\u00e3o de Lula e a corrup\u00e7\u00e3o em seu governo \u00e9 um tema que cria saia-justa entre os organizadores do evento na Su\u00ed\u00e7a. Com informa\u00e7\u00f5es do Estad\u00e3o Conte\u00fado.<\/p>\n\n\n\n<p><\/p>\n\n\n\n<p>Not\u00edcias ao Minuto<\/p>\n","protected":false},"excerpt":{"rendered":"<p>Se Davos est\u00e1 tomada pela curiosidade e at\u00e9 certa apreens\u00e3o sobre o que representa o governo de Jair Bolsonaro, que faz sua estreia internacional nesta&hellip; <\/p>\n","protected":false},"author":1,"featured_media":77383,"comment_status":"closed","ping_status":"closed","sticky":false,"template":"","format":"standard","meta":{"sfsi_plus_gutenberg_text_before_share":"","sfsi_plus_gutenberg_show_text_before_share":"","sfsi_plus_gutenberg_icon_type":"","sfsi_plus_gutenberg_icon_alignemt":"","sfsi_plus_gutenburg_max_per_row":"","footnotes":""},"categories":[11],"tags":[],"class_list":["post-81772","post","type-post","status-publish","format-standard","has-post-thumbnail","hentry","category-politica"],"_links":{"self":[{"href":"https:\/\/www.caririemacao.com\/1\/wp-json\/wp\/v2\/posts\/81772","targetHints":{"allow":["GET"]}}],"collection":[{"href":"https:\/\/www.caririemacao.com\/1\/wp-json\/wp\/v2\/posts"}],"about":[{"href":"https:\/\/www.caririemacao.com\/1\/wp-json\/wp\/v2\/types\/post"}],"author":[{"embeddable":true,"href":"https:\/\/www.caririemacao.com\/1\/wp-json\/wp\/v2\/users\/1"}],"replies":[{"embeddable":true,"href":"https:\/\/www.caririemacao.com\/1\/wp-json\/wp\/v2\/comments?post=81772"}],"version-history":[{"count":1,"href":"https:\/\/www.caririemacao.com\/1\/wp-json\/wp\/v2\/posts\/81772\/revisions"}],"predecessor-version":[{"id":81773,"href":"https:\/\/www.caririemacao.com\/1\/wp-json\/wp\/v2\/posts\/81772\/revisions\/81773"}],"wp:featuredmedia":[{"embeddable":true,"href":"https:\/\/www.caririemacao.com\/1\/wp-json\/wp\/v2\/media\/77383"}],"wp:attachment":[{"href":"https:\/\/www.caririemacao.com\/1\/wp-json\/wp\/v2\/media?parent=81772"}],"wp:term":[{"taxonomy":"category","embeddable":true,"href":"https:\/\/www.caririemacao.com\/1\/wp-json\/wp\/v2\/categories?post=81772"},{"taxonomy":"post_tag","embeddable":true,"href":"https:\/\/www.caririemacao.com\/1\/wp-json\/wp\/v2\/tags?post=81772"}],"curies":[{"name":"wp","href":"https:\/\/api.w.org\/{rel}","templated":true}]}}