{"id":81791,"date":"2019-01-20T11:33:12","date_gmt":"2019-01-20T14:33:12","guid":{"rendered":"http:\/\/www.caririemacao.com\/1\/?p=81791"},"modified":"2019-01-20T11:33:17","modified_gmt":"2019-01-20T14:33:17","slug":"militares-ja-se-espalham-por-21-areas-do-governo-bolsonaro-de-banco-estatal-a-educacao","status":"publish","type":"post","link":"https:\/\/www.caririemacao.com\/1\/2019\/01\/20\/militares-ja-se-espalham-por-21-areas-do-governo-bolsonaro-de-banco-estatal-a-educacao\/","title":{"rendered":"Militares j\u00e1 se espalham por 21 \u00e1reas do governo Bolsonaro, de banco estatal \u00e0 Educa\u00e7\u00e3o"},"content":{"rendered":"\n<p>Os militares nomeados ou prestes a serem nomeados j\u00e1 passam de 45 no governo de Jair Bolsonaro (PSL), espalhados por 21 \u00e1reas: da assessoria da presid\u00eancia da Caixa Econ\u00f4mica ao gabinete do Minist\u00e9rio da Educa\u00e7\u00e3o; da diretoria-geral da hidrel\u00e9trica Itaipu \u00e0 presid\u00eancia do&nbsp;<a href=\"https:\/\/www1.folha.uol.com.br\/mercado\/2019\/01\/com-bolsonaro-almirante-vai-presidir-conselho-de-administracao-da-petrobras.shtml\">conselho de administra\u00e7\u00e3o da Petrobras<\/a>.<\/p>\n\n\n\n<p>O Ex\u00e9rcito, do qual vieram o presidente e seu vice, Hamilton Mour\u00e3o (PRTB), tem maioria entre os membros do governo: eram 18 generais e 11 coron\u00e9is da reserva at\u00e9 esta sexta (18) \u2014o n\u00famero cresce a cada dia.<\/p>\n\n\n\n<figure><iframe data-src=\"https:\/\/arte.folha.uol.com.br\/poder\/2019\/01\/20\/ministros-militares\/?initialWidth=630&amp;childId=infographic-1&amp;parentTitle=Militares%20j%C3%A1%20se%20espalham%20por%2021%20%C3%A1reas%20do%20governo%20Bolsonaro%2C%20de%20banco%20estatal%20%C3%A0%20Educa%C3%A7%C3%A3o%20-%2020%2F01%2F2019%20-%20Poder%20-%20Folha&amp;parentUrl=https%3A%2F%2Fwww1.folha.uol.com.br%2Fpoder%2F2019%2F01%2Fmilitares-ja-se-espalham-por-21-areas-do-governo-bolsonaro-de-banco-estatal-a-educacao.shtml\" width=\"100%\" height=\"500px\" src=\"data:image\/svg+xml;base64,PHN2ZyB3aWR0aD0iMSIgaGVpZ2h0PSIxIiB4bWxucz0iaHR0cDovL3d3dy53My5vcmcvMjAwMC9zdmciPjwvc3ZnPg==\" class=\"lazyload\" data-load-mode=\"1\"><\/iframe><\/figure>\n\n\n\n<p>Militares agora comandam o Dnit (Departamento Nacional de Infraestrutura de Transporte), a Suframa (Superintend\u00eancia da Zona Franca de Manaus), a presid\u00eancia da Funai (Funda\u00e7\u00e3o Nacional do \u00cdndio) e sete minist\u00e9rios: Secretaria de Governo, Defesa, Minas e Energia, Infraestrutura, GSI (Gabinete de Seguran\u00e7a Institucional), CGU (controle interno e transpar\u00eancia) e Ci\u00eancia, Tecnologia, Inova\u00e7\u00f5es e Comunica\u00e7\u00f5es.Generais da reserva ou reformados ocupam cinco cargos no comando da Secretaria-Geral da Presid\u00eancia da, comandada por um civil, o advogado Gustavo Bebianno.<\/p>\n\n\n\n<p>No Minist\u00e9rio de Justi\u00e7a do ex-juiz Sergio Moro, os militares se espalharam pela Secretaria Nacional de Seguran\u00e7a P\u00fablica de forma in\u00e9dita desde que o \u00f3rg\u00e3o foi criado, em 1997. Vinculados ao secret\u00e1rio nacional, o general da reserva Guilherme Theophilo, estar\u00e3o tr\u00eas coron\u00e9is \u2014a pasta confirmou que as nomea\u00e7\u00f5es devem sair nos pr\u00f3ximos dias. No gabinete de Moro, um suboficial do Ex\u00e9rcito atua como assessor t\u00e9cnico.<\/p>\n\n\n\n<p>O levantamento da Folha sobre os militares no governo n\u00e3o incluiu membros de for\u00e7as policiais estaduais, como Pol\u00edcia Militar e Bombeiros, e considerou apenas dois nomeados no Gabinete de Seguran\u00e7a Institucional, um \u00f3rg\u00e3o normalmente ocupado por militares, o ministro Augusto Heleno e o&nbsp;<a href=\"https:\/\/www1.folha.uol.com.br\/poder\/2019\/01\/simbolo-de-superacao-villas-boas-traz-voz-moderada-ao-novo-planalto.shtml\">general Eduardo Villas&nbsp;<\/a><a href=\"https:\/\/www1.folha.uol.com.br\/poder\/2019\/01\/simbolo-de-superacao-villas-boas-traz-voz-moderada-ao-novo-planalto.shtml\">B\u00f4as<\/a>, que at\u00e9 o dia 11 comandava o Ex\u00e9rcito.<\/p>\n\n\n\n<p>A&nbsp;<a href=\"https:\/\/www1.folha.uol.com.br\/mercado\/2019\/01\/militares-ampliam-participacao-na-area-economica-com-bolsonaro.shtml\">for\u00e7a econ\u00f4mica dos setores com presen\u00e7a militar&nbsp;<\/a>ultrapassa as centenas de bilh\u00f5es de reais. Apenas a Petrobras, maior empresa do pa\u00eds, teve uma receita estimada em R$ 283 bilh\u00f5es em 2017.<\/p>\n\n\n\n<p>Historiadores ouvidos pela Folha concordam que n\u00e3o houve, desde a redemocratiza\u00e7\u00e3o, em 1985, uma avalanche de militares no Executivo como a atual.<\/p>\n\n\n\n<p>A historiadora e cientista pol\u00edtica da UFMG (Universidade Federal de Minas Gerais) Heloisa Starling, que atuou na Comiss\u00e3o Nacional da Verdade, disse que um n\u00famero t\u00e3o grande de militares no Executivo \u00e9 \u201cmuito pouco usual numa democracia, em especial em cargos estrat\u00e9gicos\u201d e situa\u00e7\u00e3o semelhante s\u00f3 foi registrada no Brasil durante a ditadura (1964-1985).<\/p>\n\n\n\n<p>Mas ela n\u00e3o acredita que isso indique automaticamente \u201cuma pretens\u00e3o autorit\u00e1ria\u201d. \u201cDever\u00edamos nos preocupar \u00e9 [com o fato de] que os militares n\u00e3o s\u00e3o formados para a atividade pol\u00edtica, mas sim para o confronto com o inimigo. A pol\u00edtica \u00e9 o oposto disso, ela amplia a capacidade de constru\u00e7\u00e3o do consenso\u201d, disse Starling.&nbsp;<\/p>\n\n\n\n<p>Para a historiadora, \u201cn\u00e3o se sabe ainda como se dar\u00e1 a gest\u00e3o administrativa num ambiente democr\u00e1tico de embate de ideias e cr\u00edticas\u201d.<\/p>\n\n\n\n<p>Carlos Fico, historiador da UFRJ (Universidade Federal do Rio de Janeiro), acredita que a maior presen\u00e7a de militares no governo \u201cdecorre do perfil do presidente, ele pr\u00f3prio militar reformado e que, como parlamentar, procurou defender causas associadas \u00e0s pol\u00edcias militares e aos militares propriamente ditos\u201d.<\/p>\n\n\n\n<p>\u201cOs militares expressam, no Brasil, a onda conservadora que atinge outros pa\u00edses porque eles s\u00e3o o&nbsp;<a href=\"https:\/\/www1.folha.uol.com.br\/poder\/2019\/01\/nomear-pessoas-de-direita-e-um-ato-de-justica-com-eleitor-diz-governador-de-sc.shtml\">grupo conservador mais organizado<\/a>&nbsp;do pa\u00eds. N\u00e3o havia, at\u00e9 recentemente, um partido assumidamente de direita por aqui\u201d, disse Fico.<\/p>\n\n\n\n<p>Para o professor, \u201co despreparo e a inexperi\u00eancia\u201d do grupo pol\u00edtico de Bolsonaro tamb\u00e9m ajudam a entender a presen\u00e7a militar no governo, pois os militares \u201csupostamente seriam bem preparados e conhecedores da realidade nacional\u201d.&nbsp;<\/p>\n\n\n\n<p>Na ter\u00e7a (15), o ministro da Secretaria de Governo, o general Santos Cruz,&nbsp;<a href=\"https:\/\/www1.folha.uol.com.br\/poder\/2019\/01\/para-santos-cruz-nao-ha-vantagem-nem-desvantagem-em-aumento-de-militares-no-governo.shtml\">disse n\u00e3o ver vantagens&nbsp;<\/a>nem desvantagens na presen\u00e7a militar no governo. \u201cA situa\u00e7\u00e3o de militar n\u00e3o coloca nada demais. Coloca s\u00f3 mais responsabilidade, porque a gente representa uma corpora\u00e7\u00e3o inteira.\u201d<\/p>\n\n\n\n<p>Folha de S\u00e3o Paulo<\/p>\n","protected":false},"excerpt":{"rendered":"<p>Os militares nomeados ou prestes a serem nomeados j\u00e1 passam de 45 no governo de Jair Bolsonaro (PSL), espalhados por 21 \u00e1reas: da assessoria da&hellip; <\/p>\n","protected":false},"author":1,"featured_media":79265,"comment_status":"closed","ping_status":"closed","sticky":false,"template":"","format":"standard","meta":{"sfsi_plus_gutenberg_text_before_share":"","sfsi_plus_gutenberg_show_text_before_share":"","sfsi_plus_gutenberg_icon_type":"","sfsi_plus_gutenberg_icon_alignemt":"","sfsi_plus_gutenburg_max_per_row":"","footnotes":""},"categories":[14],"tags":[],"class_list":["post-81791","post","type-post","status-publish","format-standard","has-post-thumbnail","hentry","category-educacao"],"_links":{"self":[{"href":"https:\/\/www.caririemacao.com\/1\/wp-json\/wp\/v2\/posts\/81791","targetHints":{"allow":["GET"]}}],"collection":[{"href":"https:\/\/www.caririemacao.com\/1\/wp-json\/wp\/v2\/posts"}],"about":[{"href":"https:\/\/www.caririemacao.com\/1\/wp-json\/wp\/v2\/types\/post"}],"author":[{"embeddable":true,"href":"https:\/\/www.caririemacao.com\/1\/wp-json\/wp\/v2\/users\/1"}],"replies":[{"embeddable":true,"href":"https:\/\/www.caririemacao.com\/1\/wp-json\/wp\/v2\/comments?post=81791"}],"version-history":[{"count":1,"href":"https:\/\/www.caririemacao.com\/1\/wp-json\/wp\/v2\/posts\/81791\/revisions"}],"predecessor-version":[{"id":81792,"href":"https:\/\/www.caririemacao.com\/1\/wp-json\/wp\/v2\/posts\/81791\/revisions\/81792"}],"wp:featuredmedia":[{"embeddable":true,"href":"https:\/\/www.caririemacao.com\/1\/wp-json\/wp\/v2\/media\/79265"}],"wp:attachment":[{"href":"https:\/\/www.caririemacao.com\/1\/wp-json\/wp\/v2\/media?parent=81791"}],"wp:term":[{"taxonomy":"category","embeddable":true,"href":"https:\/\/www.caririemacao.com\/1\/wp-json\/wp\/v2\/categories?post=81791"},{"taxonomy":"post_tag","embeddable":true,"href":"https:\/\/www.caririemacao.com\/1\/wp-json\/wp\/v2\/tags?post=81791"}],"curies":[{"name":"wp","href":"https:\/\/api.w.org\/{rel}","templated":true}]}}