{"id":81793,"date":"2019-01-20T11:35:59","date_gmt":"2019-01-20T14:35:59","guid":{"rendered":"http:\/\/www.caririemacao.com\/1\/?p=81793"},"modified":"2019-01-20T11:36:03","modified_gmt":"2019-01-20T14:36:03","slug":"ex-assessor-de-flavio-bolsonaro-movimentou-r-7-milhoes-em-3-anos","status":"publish","type":"post","link":"https:\/\/www.caririemacao.com\/1\/2019\/01\/20\/ex-assessor-de-flavio-bolsonaro-movimentou-r-7-milhoes-em-3-anos\/","title":{"rendered":"Ex-assessor de Fl\u00e1vio Bolsonaro movimentou R$ 7 milh\u00f5es em 3 anos"},"content":{"rendered":"\n<p>O Coaf sabe muito mais do que j\u00e1 foi revelado sobre&nbsp;o caso&nbsp;<strong>Fabr\u00edcio Queiroz,<\/strong>&nbsp;o ex-motorista de Fl\u00e1vio Bolsonaro.<\/p>\n\n\n\n<p>Nos arquivos do&nbsp;\u00f3rg\u00e3o federal de controle de atividades financeiras consta&nbsp;que Queiroz transacionou&nbsp;um volume de dinheiro substancialmente maior do que o que veio a p\u00fablico em dezembro.&nbsp;<br>Al\u00e9m dos famigerados&nbsp;R$ 1,2 milh\u00e3o, movimentados atipicamente entre janeiro de 2016 e janeiro de 2017, passaram&nbsp;por sua&nbsp;conta&nbsp;corrente mais R$ 5,8 milh\u00f5es nos dois exerc\u00edcios imediatamente anteriores. Ou seja, no total&nbsp;Queiroz&nbsp;movimentou R$ 7 milh\u00f5es em tr\u00eas anos.<\/p>\n\n\n\n<p>Segundo o pr\u00f3prio Jair Bolsonaro disse em entrevista, Queiroz &#8220;fazia rolo&#8221;. Haja rolo.<br><br>Fl\u00e1vio chegou a dizer, no in\u00edcio de dezembro, que ouviu de Queiroz &#8220;uma hist\u00f3ria bastante plaus\u00edvel&#8221; sobre o R$ 1,2 milh\u00e3o. E enfatizou: &#8220;a gente n\u00e3o tem nada a esconder&#8221;, numa frase em que atrelou o seu destino ao de Queiroz.<\/p>\n\n\n\n<p>O que dir\u00e1 agora sobre essa montanha de dinheiro? Pela rela\u00e7\u00e3o dos dois, imagina-se que o senador eleito saiba desses&nbsp;R$ 7&nbsp;milh\u00f5es.<br><\/p>\n\n\n\n<p>Quando o MP do Rio voltar a se debru\u00e7ar sobre o caso \u2014 as investiga\u00e7\u00f5es est\u00e3o suspensas desde quinta-feira passada por uma decis\u00e3o de Luiz Fux, mas a tend\u00eancia&nbsp;\u00e9 que sejam retomadas \u2014 as explica\u00e7\u00f5es de Queiroz sobre suas atividades paralelas ter\u00e3o que ser mais convincentes do que as dadas at\u00e9 agora em declara\u00e7\u00f5es&nbsp;ao SBT.<\/p>\n\n\n\n<p>Entre os v\u00e1rios mist\u00e9rios desse rolo, um permanece intacto: como algu\u00e9m que movimentou tantos milh\u00f5es de reais em tr\u00eas anos mora numa&nbsp;casa modest\u00edssima de uma viela&nbsp;da Taquara, na Zona Oeste do Rio de Janeiro?<br>leia mais em:<a href=\"https:\/\/blogs.oglobo.globo.com\/lauro-jardim\/post\/mp-intima-assessores-de-flavio-ligados-queiroz.html\">MP intima assessores de Flavio<\/a><a href=\"https:\/\/blogs.oglobo.globo.com\/lauro-jardim\/post\/jair-carlos-e-eduardo-se-calam-sobre-flavio-e-queiroz.html\">Jair, Carlos e Eduardo se calam<\/a><a href=\"https:\/\/blogs.oglobo.globo.com\/lauro-jardim\/post\/o-que-bolsonaro-e-queiroz-tem-em-comum.html\">O que Bolsonaro e Queiroz t\u00eam em comum<\/a><br><\/p>\n\n\n\n<p>G1&nbsp;<\/p>\n","protected":false},"excerpt":{"rendered":"<p>O Coaf sabe muito mais do que j\u00e1 foi revelado sobre&nbsp;o caso&nbsp;Fabr\u00edcio Queiroz,&nbsp;o ex-motorista de Fl\u00e1vio Bolsonaro. Nos arquivos do&nbsp;\u00f3rg\u00e3o federal de controle de atividades&hellip; <\/p>\n","protected":false},"author":1,"featured_media":81794,"comment_status":"closed","ping_status":"closed","sticky":false,"template":"","format":"standard","meta":{"sfsi_plus_gutenberg_text_before_share":"","sfsi_plus_gutenberg_show_text_before_share":"","sfsi_plus_gutenberg_icon_type":"","sfsi_plus_gutenberg_icon_alignemt":"","sfsi_plus_gutenburg_max_per_row":"","footnotes":""},"categories":[11],"tags":[],"class_list":["post-81793","post","type-post","status-publish","format-standard","has-post-thumbnail","hentry","category-politica"],"_links":{"self":[{"href":"https:\/\/www.caririemacao.com\/1\/wp-json\/wp\/v2\/posts\/81793","targetHints":{"allow":["GET"]}}],"collection":[{"href":"https:\/\/www.caririemacao.com\/1\/wp-json\/wp\/v2\/posts"}],"about":[{"href":"https:\/\/www.caririemacao.com\/1\/wp-json\/wp\/v2\/types\/post"}],"author":[{"embeddable":true,"href":"https:\/\/www.caririemacao.com\/1\/wp-json\/wp\/v2\/users\/1"}],"replies":[{"embeddable":true,"href":"https:\/\/www.caririemacao.com\/1\/wp-json\/wp\/v2\/comments?post=81793"}],"version-history":[{"count":1,"href":"https:\/\/www.caririemacao.com\/1\/wp-json\/wp\/v2\/posts\/81793\/revisions"}],"predecessor-version":[{"id":81795,"href":"https:\/\/www.caririemacao.com\/1\/wp-json\/wp\/v2\/posts\/81793\/revisions\/81795"}],"wp:featuredmedia":[{"embeddable":true,"href":"https:\/\/www.caririemacao.com\/1\/wp-json\/wp\/v2\/media\/81794"}],"wp:attachment":[{"href":"https:\/\/www.caririemacao.com\/1\/wp-json\/wp\/v2\/media?parent=81793"}],"wp:term":[{"taxonomy":"category","embeddable":true,"href":"https:\/\/www.caririemacao.com\/1\/wp-json\/wp\/v2\/categories?post=81793"},{"taxonomy":"post_tag","embeddable":true,"href":"https:\/\/www.caririemacao.com\/1\/wp-json\/wp\/v2\/tags?post=81793"}],"curies":[{"name":"wp","href":"https:\/\/api.w.org\/{rel}","templated":true}]}}