{"id":81809,"date":"2019-01-20T12:45:56","date_gmt":"2019-01-20T15:45:56","guid":{"rendered":"http:\/\/www.caririemacao.com\/1\/?p=81809"},"modified":"2019-01-20T12:46:04","modified_gmt":"2019-01-20T15:46:04","slug":"batista-lima-alisson-levado-e-karkara-encerram-festa-de-amparo","status":"publish","type":"post","link":"https:\/\/www.caririemacao.com\/1\/2019\/01\/20\/batista-lima-alisson-levado-e-karkara-encerram-festa-de-amparo\/","title":{"rendered":"Batista Lima, Alisson Levado e Karkar\u00e1 encerram Festa de Amparo"},"content":{"rendered":"\n<p>O encerramento da Festa de Janeiro realizada pela Prefeitura de\nAmparo aconteceu na noite desta s\u00e1bado (19) em grande estilo. A programa\u00e7\u00e3o aconteceu\nparalelamente a programa\u00e7\u00e3o da Festa de S\u00e3o Sebasti\u00e3o (padroeiro da cidade) que\nter\u00e1 seu encerramento neste domingo (20).<\/p>\n\n\n\n<p>Uma multid\u00e3o compareceu foi at\u00e9 a capital do \u2018Amor\u2019 e da \u2018F\u00e9\u2019para participar da festa que durou dois dias. No palco a banda Karkar\u00e1 e os cantores Batista Lima e Alisson Levado cantaram seus sucessos, agradando o p\u00fablico presente.<\/p>\n\n\n\n<figure class=\"wp-block-image\"><img fetchpriority=\"high\" decoding=\"async\" width=\"960\" height=\"636\" src=\"http:\/\/www.caririemacao.com\/1\/wp-content\/uploads\/2019\/01\/50493397_1459909904145028_4084390873452773376_n-1.jpg\" alt=\"\" class=\"wp-image-81812\" srcset=\"https:\/\/www.caririemacao.com\/1\/wp-content\/uploads\/2019\/01\/50493397_1459909904145028_4084390873452773376_n-1.jpg 960w, https:\/\/www.caririemacao.com\/1\/wp-content\/uploads\/2019\/01\/50493397_1459909904145028_4084390873452773376_n-1-300x199.jpg 300w, https:\/\/www.caririemacao.com\/1\/wp-content\/uploads\/2019\/01\/50493397_1459909904145028_4084390873452773376_n-1-768x509.jpg 768w\" sizes=\"(max-width: 960px) 100vw, 960px\" \/><\/figure>\n\n\n\n<p>O prefeito de Amparo, In\u00e1cio N\u00f3brega, a primeira dama Cleide, o vice-prefeito Fl\u00e1vio Messias, secret\u00e1rios e vereadores recepcionaram as pessoas, principalmente os amparenses que foram prestigiar a \u00faltima noite da Festa de Janeiro 2019.<\/p>\n\n\n\n<p>\u201cEstamos festejando a tradicional festa de Janeiro como muita alegria porque aqui estamos abra\u00e7ando nossos conterr\u00e2neos e turistas de v\u00e1rias cidades da Para\u00edba e Pernambuco. Fechamos nossa programa\u00e7\u00e3o com chave de Ouro, realizando os shows com atra\u00e7\u00f5es que as pessoas pediram, por isso, saimos satisfeitos com a festa e j\u00e1 nos preparamos para realizar a Amparo Cabra Fest\u201d, concluiu.<\/p>\n\n\n\n<p><strong><a href=\"https:\/\/www.facebook.com\/pg\/CaririEmAcao\/photos\/?tab=album&amp;album_id=1459902374145781\">CLIQUE AQUI E VEJA TODAS AS FOTOS<\/a><\/strong><\/p>\n\n\n\n<figure class=\"wp-block-embed-facebook wp-block-embed is-type-rich is-provider-facebook\"><div class=\"wp-block-embed__wrapper\">\n<div class=\"ose- ose-uid-d9881bd113902ccd50b8e67dfa4bfd0f ose-embedpress-responsive\" style=\"width:600px; height:550px; max-height:550px; max-width:100%; display:inline-block;\" data-embed-type=\"Facebook\"><iframe allowFullScreen=\"true\" class=\"embera-facebook-iframe-ca17c lazyload\" data-src=\"https:\/\/www.facebook.com\/plugins\/post.php?href=https%3A%2F%2Fwww.facebook.com%2Fmedia%2Fset%2F%3Fset%3Da.1459902374145781%26%23038%3Btype%3D1%26%23038%3Bl%3D935c009a38&width=600&height=550&show_text=true\" width=\"600\" height=\"550\" style=\"border:none;overflow:hidden\" scrolling=\"no\" frameborder=\"0\" allowTransparency=\"true\" src=\"data:image\/svg+xml;base64,PHN2ZyB3aWR0aD0iMSIgaGVpZ2h0PSIxIiB4bWxucz0iaHR0cDovL3d3dy53My5vcmcvMjAwMC9zdmciPjwvc3ZnPg==\" data-load-mode=\"1\"><\/iframe><\/div>\n<\/div><\/figure>\n","protected":false},"excerpt":{"rendered":"<p>O encerramento da Festa de Janeiro realizada pela Prefeitura de Amparo aconteceu na noite desta s\u00e1bado (19) em grande estilo. A programa\u00e7\u00e3o aconteceu paralelamente a&hellip; <\/p>\n","protected":false},"author":1,"featured_media":81810,"comment_status":"closed","ping_status":"closed","sticky":false,"template":"","format":"standard","meta":{"sfsi_plus_gutenberg_text_before_share":"","sfsi_plus_gutenberg_show_text_before_share":"","sfsi_plus_gutenberg_icon_type":"","sfsi_plus_gutenberg_icon_alignemt":"","sfsi_plus_gutenburg_max_per_row":"","footnotes":""},"categories":[6],"tags":[],"class_list":["post-81809","post","type-post","status-publish","format-standard","has-post-thumbnail","hentry","category-cidades"],"_links":{"self":[{"href":"https:\/\/www.caririemacao.com\/1\/wp-json\/wp\/v2\/posts\/81809","targetHints":{"allow":["GET"]}}],"collection":[{"href":"https:\/\/www.caririemacao.com\/1\/wp-json\/wp\/v2\/posts"}],"about":[{"href":"https:\/\/www.caririemacao.com\/1\/wp-json\/wp\/v2\/types\/post"}],"author":[{"embeddable":true,"href":"https:\/\/www.caririemacao.com\/1\/wp-json\/wp\/v2\/users\/1"}],"replies":[{"embeddable":true,"href":"https:\/\/www.caririemacao.com\/1\/wp-json\/wp\/v2\/comments?post=81809"}],"version-history":[{"count":1,"href":"https:\/\/www.caririemacao.com\/1\/wp-json\/wp\/v2\/posts\/81809\/revisions"}],"predecessor-version":[{"id":81813,"href":"https:\/\/www.caririemacao.com\/1\/wp-json\/wp\/v2\/posts\/81809\/revisions\/81813"}],"wp:featuredmedia":[{"embeddable":true,"href":"https:\/\/www.caririemacao.com\/1\/wp-json\/wp\/v2\/media\/81810"}],"wp:attachment":[{"href":"https:\/\/www.caririemacao.com\/1\/wp-json\/wp\/v2\/media?parent=81809"}],"wp:term":[{"taxonomy":"category","embeddable":true,"href":"https:\/\/www.caririemacao.com\/1\/wp-json\/wp\/v2\/categories?post=81809"},{"taxonomy":"post_tag","embeddable":true,"href":"https:\/\/www.caririemacao.com\/1\/wp-json\/wp\/v2\/tags?post=81809"}],"curies":[{"name":"wp","href":"https:\/\/api.w.org\/{rel}","templated":true}]}}