{"id":81831,"date":"2019-01-20T18:05:50","date_gmt":"2019-01-20T21:05:50","guid":{"rendered":"http:\/\/www.caririemacao.com\/1\/?p=81831"},"modified":"2019-01-20T18:05:55","modified_gmt":"2019-01-20T21:05:55","slug":"mulher-e-alvejada-por-dois-tiros-na-cabeca-apos-defender-filha-de-agressao","status":"publish","type":"post","link":"https:\/\/www.caririemacao.com\/1\/2019\/01\/20\/mulher-e-alvejada-por-dois-tiros-na-cabeca-apos-defender-filha-de-agressao\/","title":{"rendered":"Mulher \u00e9 alvejada por dois tiros na cabe\u00e7a ap\u00f3s defender filha de agress\u00e3o"},"content":{"rendered":"\n<p>A festa de rua em homenagem ao padroeiro da cidade de Olivedos, no Curimata\u00fa do Estado, terminou com brigas e tiros na madrugada deste domingo (20). Rejane Alves sofreu uma tentativa de homic\u00eddio por volta das 5h40 ao ser alvejada por dois tiros na cabe\u00e7a.<\/p>\n\n\n\n<p>De acordo com informa\u00e7\u00f5es policiais, o suspeito de ter efetuado os disparos contra a v\u00edtima \u00e9 um ambulante que vende churrasquinho em um carrinho na cidade.<\/p>\n\n\n\n<p>A filha de Rejane teria se desentendido com o ambulante, que a agrediu. Rejane teria ent\u00e3o interferido na situa\u00e7\u00e3o para defender a filha e discutido com o ambulante. O homem sacou uma arma e efetuou disparos contra a v\u00edtima.<\/p>\n\n\n\n<p>Ela foi socorrida por uma ambul\u00e2ncia do Servi\u00e7o de Atendimento M\u00f3vel de Urg\u00eancia (Samu) e levada para atendimento no Hospital de Trauma de Campina Grande.<\/p>\n","protected":false},"excerpt":{"rendered":"<p>A festa de rua em homenagem ao padroeiro da cidade de Olivedos, no Curimata\u00fa do Estado, terminou com brigas e tiros na madrugada deste domingo&hellip; <\/p>\n","protected":false},"author":1,"featured_media":81832,"comment_status":"closed","ping_status":"closed","sticky":false,"template":"","format":"standard","meta":{"sfsi_plus_gutenberg_text_before_share":"","sfsi_plus_gutenberg_show_text_before_share":"","sfsi_plus_gutenberg_icon_type":"","sfsi_plus_gutenberg_icon_alignemt":"","sfsi_plus_gutenburg_max_per_row":"","footnotes":""},"categories":[12],"tags":[],"class_list":["post-81831","post","type-post","status-publish","format-standard","has-post-thumbnail","hentry","category-policia"],"_links":{"self":[{"href":"https:\/\/www.caririemacao.com\/1\/wp-json\/wp\/v2\/posts\/81831","targetHints":{"allow":["GET"]}}],"collection":[{"href":"https:\/\/www.caririemacao.com\/1\/wp-json\/wp\/v2\/posts"}],"about":[{"href":"https:\/\/www.caririemacao.com\/1\/wp-json\/wp\/v2\/types\/post"}],"author":[{"embeddable":true,"href":"https:\/\/www.caririemacao.com\/1\/wp-json\/wp\/v2\/users\/1"}],"replies":[{"embeddable":true,"href":"https:\/\/www.caririemacao.com\/1\/wp-json\/wp\/v2\/comments?post=81831"}],"version-history":[{"count":1,"href":"https:\/\/www.caririemacao.com\/1\/wp-json\/wp\/v2\/posts\/81831\/revisions"}],"predecessor-version":[{"id":81833,"href":"https:\/\/www.caririemacao.com\/1\/wp-json\/wp\/v2\/posts\/81831\/revisions\/81833"}],"wp:featuredmedia":[{"embeddable":true,"href":"https:\/\/www.caririemacao.com\/1\/wp-json\/wp\/v2\/media\/81832"}],"wp:attachment":[{"href":"https:\/\/www.caririemacao.com\/1\/wp-json\/wp\/v2\/media?parent=81831"}],"wp:term":[{"taxonomy":"category","embeddable":true,"href":"https:\/\/www.caririemacao.com\/1\/wp-json\/wp\/v2\/categories?post=81831"},{"taxonomy":"post_tag","embeddable":true,"href":"https:\/\/www.caririemacao.com\/1\/wp-json\/wp\/v2\/tags?post=81831"}],"curies":[{"name":"wp","href":"https:\/\/api.w.org\/{rel}","templated":true}]}}