{"id":81843,"date":"2019-01-20T18:08:48","date_gmt":"2019-01-20T21:08:48","guid":{"rendered":"http:\/\/www.caririemacao.com\/1\/?p=81843"},"modified":"2019-01-20T18:08:52","modified_gmt":"2019-01-20T21:08:52","slug":"morre-aos-92-anos-natercia-coutinho-mae-do-ex-governador-ricardo-coutinho","status":"publish","type":"post","link":"https:\/\/www.caririemacao.com\/1\/2019\/01\/20\/morre-aos-92-anos-natercia-coutinho-mae-do-ex-governador-ricardo-coutinho\/","title":{"rendered":"Morre aos 92 anos Nat\u00e9rcia Coutinho, m\u00e3e do ex-governador Ricardo Coutinho"},"content":{"rendered":"\n<p>Dona Nat\u00e9rcia Vieira Coutinho, m\u00e3e do ex-governador Ricardo Coutinho, faleceu na tarde deste domingo (20) em Jo\u00e3o Pessoa. Ela tinha 92 anos e o seu falecimento foi confirmado por parentes do ex-governador da Para\u00edba.<\/p>\n\n\n\n<p>O local do vel\u00f3rio e do sepultamento ainda n\u00e3o foram informados pelos familiares.<\/p>\n","protected":false},"excerpt":{"rendered":"<p>Dona Nat\u00e9rcia Vieira Coutinho, m\u00e3e do ex-governador Ricardo Coutinho, faleceu na tarde deste domingo (20) em Jo\u00e3o Pessoa. Ela tinha 92 anos e o seu&hellip; <\/p>\n","protected":false},"author":1,"featured_media":81844,"comment_status":"closed","ping_status":"closed","sticky":false,"template":"","format":"standard","meta":{"sfsi_plus_gutenberg_text_before_share":"","sfsi_plus_gutenberg_show_text_before_share":"","sfsi_plus_gutenberg_icon_type":"","sfsi_plus_gutenberg_icon_alignemt":"","sfsi_plus_gutenburg_max_per_row":"","footnotes":""},"categories":[2],"tags":[],"class_list":["post-81843","post","type-post","status-publish","format-standard","has-post-thumbnail","hentry","category-geral"],"_links":{"self":[{"href":"https:\/\/www.caririemacao.com\/1\/wp-json\/wp\/v2\/posts\/81843","targetHints":{"allow":["GET"]}}],"collection":[{"href":"https:\/\/www.caririemacao.com\/1\/wp-json\/wp\/v2\/posts"}],"about":[{"href":"https:\/\/www.caririemacao.com\/1\/wp-json\/wp\/v2\/types\/post"}],"author":[{"embeddable":true,"href":"https:\/\/www.caririemacao.com\/1\/wp-json\/wp\/v2\/users\/1"}],"replies":[{"embeddable":true,"href":"https:\/\/www.caririemacao.com\/1\/wp-json\/wp\/v2\/comments?post=81843"}],"version-history":[{"count":1,"href":"https:\/\/www.caririemacao.com\/1\/wp-json\/wp\/v2\/posts\/81843\/revisions"}],"predecessor-version":[{"id":81845,"href":"https:\/\/www.caririemacao.com\/1\/wp-json\/wp\/v2\/posts\/81843\/revisions\/81845"}],"wp:featuredmedia":[{"embeddable":true,"href":"https:\/\/www.caririemacao.com\/1\/wp-json\/wp\/v2\/media\/81844"}],"wp:attachment":[{"href":"https:\/\/www.caririemacao.com\/1\/wp-json\/wp\/v2\/media?parent=81843"}],"wp:term":[{"taxonomy":"category","embeddable":true,"href":"https:\/\/www.caririemacao.com\/1\/wp-json\/wp\/v2\/categories?post=81843"},{"taxonomy":"post_tag","embeddable":true,"href":"https:\/\/www.caririemacao.com\/1\/wp-json\/wp\/v2\/tags?post=81843"}],"curies":[{"name":"wp","href":"https:\/\/api.w.org\/{rel}","templated":true}]}}