{"id":81857,"date":"2019-01-20T18:25:41","date_gmt":"2019-01-20T21:25:41","guid":{"rendered":"http:\/\/www.caririemacao.com\/1\/?p=81857"},"modified":"2019-01-20T18:25:45","modified_gmt":"2019-01-20T21:25:45","slug":"oms-lista-as-10-ameacas-para-a-saude-em-2019","status":"publish","type":"post","link":"https:\/\/www.caririemacao.com\/1\/2019\/01\/20\/oms-lista-as-10-ameacas-para-a-saude-em-2019\/","title":{"rendered":"OMS lista as 10 amea\u00e7as para a sa\u00fade em 2019"},"content":{"rendered":"\n<p>Surtos de doen\u00e7as preven\u00edveis por vacina\u00e7\u00e3o, altas taxas de obesidade infantil e sedentarismo, al\u00e9m de impactos \u00e0 sa\u00fade causados pela polui\u00e7\u00e3o, pelas mudan\u00e7as clim\u00e1ticas e pelas crises humanit\u00e1rias. Estes s\u00e3o alguns dos itens que integram a lista das 10 principais amea\u00e7as \u00e0 sa\u00fade global em 2019, divulgada nesta semana pela Organiza\u00e7\u00e3o Mundial da Sa\u00fade (OMS).<\/p>\n\n\n\n<p>A entidade pretende colocar em pr\u00e1tica um novo plano estrat\u00e9gico, com dura\u00e7\u00e3o de cinco anos, com o objetivo de garantir que 1 bilh\u00e3o de pessoas a mais se beneficiem do acesso \u00e0 sa\u00fade e da cobertura universal de sa\u00fade; estejam protegidas de emerg\u00eancias de sa\u00fade; 1 bilh\u00e3o desfrutem de melhor sa\u00fade e bem-estar.<\/p>\n\n\n\n<p>De acordo com a OMS, s\u00e3o as seguintes as quest\u00f5es que v\u00e3o demandar mais aten\u00e7\u00e3o da organiza\u00e7\u00e3o e de seus parceiros neste ano:<br>Polui\u00e7\u00e3o do ar e mudan\u00e7as clim\u00e1ticas<br>A estimativa da Organiza\u00e7\u00e3o Mundial da Sa\u00fade \u00e9 que nove em cada 10 pessoas respiram ar polu\u00eddo todos os dias. Poluentes microsc\u00f3picos podem penetrar nos sistemas respirat\u00f3rio e circulat\u00f3rio, danificando pulm\u00f5es, cora\u00e7\u00e3o e c\u00e9rebro, o que resulta na morte prematura de 7 milh\u00f5es de pessoas todos os anos por enfermidades como c\u00e2ncer, acidente vascular cerebral e doen\u00e7as cardiovasculares e pulmonares.<\/p>\n\n\n\n<p>Doen\u00e7as cr\u00f4nicas n\u00e3o transmiss\u00edveis<br>Dados da entidade mostram que doen\u00e7as cr\u00f4nicas n\u00e3o transmiss\u00edveis, como diabetes, c\u00e2ncer e doen\u00e7as cardiovasculares, s\u00e3o respons\u00e1veis por mais de 70% de todas as mortes no mundo \u2013 o equivalente a 41 milh\u00f5es de pessoas. Isso inclui 15 milh\u00f5es de pessoas que morrem prematuramente (entre 30 e 69 anos), sendo que mais de 85% dessas mortes prematuras ocorrem em pa\u00edses de baixa e m\u00e9dia renda.<\/p>\n\n\n\n<p>Pandemia de influenza<br>O mundo enfrentar\u00e1 outra pandemia de influenza \u2013 a \u00fanica coisa que ainda n\u00e3o se sabe \u00e9 quando chegar\u00e1 e o qu\u00e3o grave ser\u00e1. O alerta \u00e9 da pr\u00f3pria OMS, que diz monitorar constantemente a circula\u00e7\u00e3o dos v\u00edrus para detectar poss\u00edveis cepas pand\u00eamicas.<\/p>\n\n\n\n<p>Cen\u00e1rios de fragilidade e vulnerabilidade<br>A entidade destacou que mais de 1,6 bilh\u00e3o de pessoas \u2013 22% da popula\u00e7\u00e3o mundial \u2013 vivem em locais com crises prolongadas (uma combina\u00e7\u00e3o de fatores como seca, fome, conflitos e deslocamento populacional) e servi\u00e7os de sa\u00fade mais fr\u00e1geis. Nesses cen\u00e1rios, metade das principais metas de desenvolvimento sustent\u00e1vel, incluindo sa\u00fade infantil e materna, permanece n\u00e3o atendida.<\/p>\n\n\n\n<p>Resist\u00eancia antimicrobiana<br>A resist\u00eancia antimicrobiana \u2013 capacidade de bact\u00e9rias, parasitos, v\u00edrus e fungos resistirem a medicamentos como antibi\u00f3ticos e antivirais \u2013 amea\u00e7a, segundo a OMS, mandar a humanidade de volta a uma \u00e9poca em que n\u00e3o conseguia tratar facilmente infec\u00e7\u00f5es como pneumonia, tuberculose, gonorreia e salmonelose. \u201cA incapacidade de prevenir infec\u00e7\u00f5es pode comprometer seriamente cirurgias e procedimentos como a quimioterapia\u201d, alertou.<\/p>\n\n\n\n<p>Ebola<br>No ano passado, a Rep\u00fablica Democr\u00e1tica do Congo passou por dois surtos de ebola, que se espalharam para cidades com mais de 1 milh\u00e3o de pessoas. Uma das prov\u00edncias afetadas tamb\u00e9m est\u00e1 em zona de conflito ativo. Em dezembro, representantes dos setores de sa\u00fade p\u00fablica, sa\u00fade animal, transporte e turismo pediram \u00e0 OMS e seus parceiros que considerem 2019 um \u201cano de a\u00e7\u00e3o sobre a prepara\u00e7\u00e3o para emerg\u00eancias de sa\u00fade\u201d.<\/p>\n\n\n\n<p>Aten\u00e7\u00e3o prim\u00e1ria<br>Sistemas de sa\u00fade com aten\u00e7\u00e3o prim\u00e1ria forte s\u00e3o classificados pela entidade como necess\u00e1rios para se alcan\u00e7ar a cobertura universal de sa\u00fade. No entanto, muitos pa\u00edses n\u00e3o t\u00eam instala\u00e7\u00f5es de aten\u00e7\u00e3o prim\u00e1ria de sa\u00fade adequadas. Em outubro de 2018, todos os pa\u00edses-membro se comprometeram a renovar seu compromisso com a aten\u00e7\u00e3o prim\u00e1ria de sa\u00fade, oficializado na declara\u00e7\u00e3o de Alma-Ata em 1978.<\/p>\n\n\n\n<p>Vacina\u00e7\u00e3o<br>Segundo a OMS, a relut\u00e2ncia ou a recusa para vacinar, apesar da disponibilidade da dose, amea\u00e7a reverter o progresso feito no combate a doen\u00e7as evit\u00e1veis por imuniza\u00e7\u00e3o. O sarampo, por exemplo, teve aumento de 30% nos casos em todo o mundo. \u201c[A vacina] \u00e9 uma das formas mais custo-efetivas para evitar doen\u00e7as \u2013 atualmente, previnem-se cerca de 2 milh\u00f5es a 3 milh\u00f5es de mortes por ano\u201d, diz a OMS. Al\u00e9m disso, 1,5 milh\u00e3o de mortes poderiam ser evitadas se a cobertura global de vacina\u00e7\u00e3o tivesse maior alcance.<\/p>\n\n\n\n<p>Dengue<br>Um grande n\u00famero de casos de dengue \u00e9 comumente registrado durante esta\u00e7\u00f5es chuvosas de pa\u00edses como Bangladesh e \u00cdndia. Dados da OMS mostram que, atualmente, os casos v\u00eam aumentando significativamente e que a doen\u00e7a j\u00e1 se espalha para pa\u00edses menos tropicais e mais temperados, como o Nepal. A estimativa \u00e9 que 40% de todo o mundo esteja em risco de contrair o v\u00edrus \u2013 cerca de 390 milh\u00f5es de infec\u00e7\u00f5es por ano.<\/p>\n\n\n\n<p>HIV<br>De acordo com a entidade, apesar dos progressos, a epidemia de Aids continua a se alastrar pelo mundo, com quase 1 milh\u00e3o de pessoas morrendo por HIV\/aids a cada ano. Desde o in\u00edcio, mais de 70 milh\u00f5es de pessoas adquiriram a infec\u00e7\u00e3o e cerca de 35 milh\u00f5es morreram. Atualmente, cerca de 37 milh\u00f5es vivem com HIV no mundo. Um grupo cada vez mais afetado s\u00e3o as adolescentes e as mulheres jovens (entre 15 e 24 anos), que representam uma em cada quatro infec\u00e7\u00f5es por HIV na \u00c1frica Subsaariana.<\/p>\n\n\n\n<p><strong>Ag\u00eancia Brasil<\/strong><\/p>\n","protected":false},"excerpt":{"rendered":"<p>Surtos de doen\u00e7as preven\u00edveis por vacina\u00e7\u00e3o, altas taxas de obesidade infantil e sedentarismo, al\u00e9m de impactos \u00e0 sa\u00fade causados pela polui\u00e7\u00e3o, pelas mudan\u00e7as clim\u00e1ticas e&hellip; <\/p>\n","protected":false},"author":1,"featured_media":81858,"comment_status":"closed","ping_status":"closed","sticky":false,"template":"","format":"standard","meta":{"sfsi_plus_gutenberg_text_before_share":"","sfsi_plus_gutenberg_show_text_before_share":"","sfsi_plus_gutenberg_icon_type":"","sfsi_plus_gutenberg_icon_alignemt":"","sfsi_plus_gutenburg_max_per_row":"","footnotes":""},"categories":[16],"tags":[],"class_list":["post-81857","post","type-post","status-publish","format-standard","has-post-thumbnail","hentry","category-saude"],"_links":{"self":[{"href":"https:\/\/www.caririemacao.com\/1\/wp-json\/wp\/v2\/posts\/81857","targetHints":{"allow":["GET"]}}],"collection":[{"href":"https:\/\/www.caririemacao.com\/1\/wp-json\/wp\/v2\/posts"}],"about":[{"href":"https:\/\/www.caririemacao.com\/1\/wp-json\/wp\/v2\/types\/post"}],"author":[{"embeddable":true,"href":"https:\/\/www.caririemacao.com\/1\/wp-json\/wp\/v2\/users\/1"}],"replies":[{"embeddable":true,"href":"https:\/\/www.caririemacao.com\/1\/wp-json\/wp\/v2\/comments?post=81857"}],"version-history":[{"count":1,"href":"https:\/\/www.caririemacao.com\/1\/wp-json\/wp\/v2\/posts\/81857\/revisions"}],"predecessor-version":[{"id":81859,"href":"https:\/\/www.caririemacao.com\/1\/wp-json\/wp\/v2\/posts\/81857\/revisions\/81859"}],"wp:featuredmedia":[{"embeddable":true,"href":"https:\/\/www.caririemacao.com\/1\/wp-json\/wp\/v2\/media\/81858"}],"wp:attachment":[{"href":"https:\/\/www.caririemacao.com\/1\/wp-json\/wp\/v2\/media?parent=81857"}],"wp:term":[{"taxonomy":"category","embeddable":true,"href":"https:\/\/www.caririemacao.com\/1\/wp-json\/wp\/v2\/categories?post=81857"},{"taxonomy":"post_tag","embeddable":true,"href":"https:\/\/www.caririemacao.com\/1\/wp-json\/wp\/v2\/tags?post=81857"}],"curies":[{"name":"wp","href":"https:\/\/api.w.org\/{rel}","templated":true}]}}