{"id":81863,"date":"2019-01-21T11:47:03","date_gmt":"2019-01-21T14:47:03","guid":{"rendered":"http:\/\/www.caririemacao.com\/1\/?p=81863"},"modified":"2019-01-21T11:47:07","modified_gmt":"2019-01-21T14:47:07","slug":"adailsinho-queiroz-emite-nota-de-pesar-pelo-falecimento-da-mae-do-ex-governador-ricardo","status":"publish","type":"post","link":"https:\/\/www.caririemacao.com\/1\/2019\/01\/21\/adailsinho-queiroz-emite-nota-de-pesar-pelo-falecimento-da-mae-do-ex-governador-ricardo\/","title":{"rendered":"Adailsinho Queiroz emite Nota de Pesar pelo falecimento da m\u00e3e do ex-governador Ricardo"},"content":{"rendered":"\n<p>O vereador de Gurj\u00e3o,\nAdailsinho Queiroz (PSB), emitiu nota de pesar na manh\u00e3 desta segunda (21), em\nvirtude do falecimento da dona Nat\u00e9rcia Vieira Coutinho, de 93 anos, m\u00e3e do\nex-governador da Para\u00edba, Ricardo Coutinho (PSB). Ela faleceu na tarde deste\ndomingo (21) em Jo\u00e3o Pessoa. <\/p>\n\n\n\n<p>Na Nota de pesar, Adailsinho\nse solidariza com o amigo e ex-governador Ricardo Coutinho, demostrando seus\nsentimentos neste momento dificil para fam\u00edlia.<\/p>\n\n\n\n<p><strong>Confira<\/strong><\/p>\n\n\n\n<p><em>\u00c9 com muito\npesar recebemos a not\u00edcia do falecimento da m\u00e3e do ex-governador da Para\u00edba,\nRicardo Coutinho, a senhora Nat\u00e9cia Vieira Coutinho,&nbsp;ocorrido na tarde\ndeste domingo (20), em Jo\u00e3o Pessoa-PB.<\/em><\/p>\n\n\n\n<p><em>Neste\nmomento de muita tristeza, dor e luto, expressamos aqui as nossas sinceras\ncondol\u00eancias \u00e0 fam\u00edlia, em especial ao amgio e companheiro Ricardo Coutinho.<\/em><\/p>\n\n\n\n<p><em>Presto\nminha solidariedade, que Deus d\u00ea conforto para o ex-governador e seus\nfamiliares para que encontrem for\u00e7as necess\u00e1rias para superar esse momento de\ngrande dor e tristeza.<\/em><\/p>\n\n\n\n<p>Adailsinho\nQueiroz<\/p>\n\n\n\n<p>Vereador e\nPresidene do PSB &#8211; Gurj\u00e3o<\/p>\n","protected":false},"excerpt":{"rendered":"<p>O vereador de Gurj\u00e3o, Adailsinho Queiroz (PSB), emitiu nota de pesar na manh\u00e3 desta segunda (21), em virtude do falecimento da dona Nat\u00e9rcia Vieira Coutinho,&hellip; <\/p>\n","protected":false},"author":1,"featured_media":16463,"comment_status":"closed","ping_status":"closed","sticky":false,"template":"","format":"standard","meta":{"sfsi_plus_gutenberg_text_before_share":"","sfsi_plus_gutenberg_show_text_before_share":"","sfsi_plus_gutenberg_icon_type":"","sfsi_plus_gutenberg_icon_alignemt":"","sfsi_plus_gutenburg_max_per_row":"","footnotes":""},"categories":[11],"tags":[],"class_list":["post-81863","post","type-post","status-publish","format-standard","has-post-thumbnail","hentry","category-politica"],"_links":{"self":[{"href":"https:\/\/www.caririemacao.com\/1\/wp-json\/wp\/v2\/posts\/81863","targetHints":{"allow":["GET"]}}],"collection":[{"href":"https:\/\/www.caririemacao.com\/1\/wp-json\/wp\/v2\/posts"}],"about":[{"href":"https:\/\/www.caririemacao.com\/1\/wp-json\/wp\/v2\/types\/post"}],"author":[{"embeddable":true,"href":"https:\/\/www.caririemacao.com\/1\/wp-json\/wp\/v2\/users\/1"}],"replies":[{"embeddable":true,"href":"https:\/\/www.caririemacao.com\/1\/wp-json\/wp\/v2\/comments?post=81863"}],"version-history":[{"count":1,"href":"https:\/\/www.caririemacao.com\/1\/wp-json\/wp\/v2\/posts\/81863\/revisions"}],"predecessor-version":[{"id":81864,"href":"https:\/\/www.caririemacao.com\/1\/wp-json\/wp\/v2\/posts\/81863\/revisions\/81864"}],"wp:featuredmedia":[{"embeddable":true,"href":"https:\/\/www.caririemacao.com\/1\/wp-json\/wp\/v2\/media\/16463"}],"wp:attachment":[{"href":"https:\/\/www.caririemacao.com\/1\/wp-json\/wp\/v2\/media?parent=81863"}],"wp:term":[{"taxonomy":"category","embeddable":true,"href":"https:\/\/www.caririemacao.com\/1\/wp-json\/wp\/v2\/categories?post=81863"},{"taxonomy":"post_tag","embeddable":true,"href":"https:\/\/www.caririemacao.com\/1\/wp-json\/wp\/v2\/tags?post=81863"}],"curies":[{"name":"wp","href":"https:\/\/api.w.org\/{rel}","templated":true}]}}