{"id":81876,"date":"2019-01-21T12:45:35","date_gmt":"2019-01-21T15:45:35","guid":{"rendered":"http:\/\/www.caririemacao.com\/1\/?p=81876"},"modified":"2019-01-21T12:45:40","modified_gmt":"2019-01-21T15:45:40","slug":"comecam-hoje-as-inscricoes-para-o-concurso-da-universidade-federal-da-paraiba","status":"publish","type":"post","link":"https:\/\/www.caririemacao.com\/1\/2019\/01\/21\/comecam-hoje-as-inscricoes-para-o-concurso-da-universidade-federal-da-paraiba\/","title":{"rendered":"Come\u00e7am hoje as inscri\u00e7\u00f5es para o concurso da Universidade Federal da Para\u00edba"},"content":{"rendered":"\n<p>Come\u00e7am hoje (21), as inscri\u00e7\u00f5es para o concurso p\u00fablico da&nbsp;Universidade Federal da Para\u00edba (UFPB). S\u00e3o oferecidas 131 vagas&nbsp;com sal\u00e1rios de at\u00e9 R$ 4.180,66.<\/p>\n\n\n\n<p><a href=\"http:\/\/www.in.gov.br\/materia\/-\/asset_publisher\/Kujrw0TZC2Mb\/content\/id\/57390371\">CONFIRA AQUI O EDITAL<\/a><\/p>\n\n\n\n<p><a href=\"http:\/\/www.institutoaocp.org.br\/concurso.jsp?id=218\">As inscri\u00e7\u00f5es come\u00e7am<\/a>a partir das&nbsp;9h&nbsp;de hoje \u00e0s 23h59&nbsp;do dia 25\/02\/2019, atrav\u00e9s do site da empresa organizadora. As taxas de inscri\u00e7\u00e3o s\u00e3o de R$ 45,00 (quarenta e cinco reais) para os cargos de N\u00edvel C, R$ 60,00 (sessenta reais) para os cargos de N\u00edvel D e R$ 80,00 (oitenta reais) para os cargos de N\u00edvel E.<\/p>\n\n\n\n<p>As provas ser\u00e3o aplicadas na data prevista de 07 de abril de 2019. A Prova Objetiva ser\u00e1 realizada nas cidades de Jo\u00e3o Pessoa, Mamanguape, Rio Tinto, Bananeiras e Areia, localizadas no Estado da Para\u00edba.<\/p>\n","protected":false},"excerpt":{"rendered":"<p>Come\u00e7am hoje (21), as inscri\u00e7\u00f5es para o concurso p\u00fablico da&nbsp;Universidade Federal da Para\u00edba (UFPB). S\u00e3o oferecidas 131 vagas&nbsp;com sal\u00e1rios de at\u00e9 R$ 4.180,66. CONFIRA AQUI&hellip; <\/p>\n","protected":false},"author":1,"featured_media":63007,"comment_status":"closed","ping_status":"closed","sticky":false,"template":"","format":"standard","meta":{"sfsi_plus_gutenberg_text_before_share":"","sfsi_plus_gutenberg_show_text_before_share":"","sfsi_plus_gutenberg_icon_type":"","sfsi_plus_gutenberg_icon_alignemt":"","sfsi_plus_gutenburg_max_per_row":"","footnotes":""},"categories":[14],"tags":[],"class_list":["post-81876","post","type-post","status-publish","format-standard","has-post-thumbnail","hentry","category-educacao"],"_links":{"self":[{"href":"https:\/\/www.caririemacao.com\/1\/wp-json\/wp\/v2\/posts\/81876","targetHints":{"allow":["GET"]}}],"collection":[{"href":"https:\/\/www.caririemacao.com\/1\/wp-json\/wp\/v2\/posts"}],"about":[{"href":"https:\/\/www.caririemacao.com\/1\/wp-json\/wp\/v2\/types\/post"}],"author":[{"embeddable":true,"href":"https:\/\/www.caririemacao.com\/1\/wp-json\/wp\/v2\/users\/1"}],"replies":[{"embeddable":true,"href":"https:\/\/www.caririemacao.com\/1\/wp-json\/wp\/v2\/comments?post=81876"}],"version-history":[{"count":1,"href":"https:\/\/www.caririemacao.com\/1\/wp-json\/wp\/v2\/posts\/81876\/revisions"}],"predecessor-version":[{"id":81877,"href":"https:\/\/www.caririemacao.com\/1\/wp-json\/wp\/v2\/posts\/81876\/revisions\/81877"}],"wp:featuredmedia":[{"embeddable":true,"href":"https:\/\/www.caririemacao.com\/1\/wp-json\/wp\/v2\/media\/63007"}],"wp:attachment":[{"href":"https:\/\/www.caririemacao.com\/1\/wp-json\/wp\/v2\/media?parent=81876"}],"wp:term":[{"taxonomy":"category","embeddable":true,"href":"https:\/\/www.caririemacao.com\/1\/wp-json\/wp\/v2\/categories?post=81876"},{"taxonomy":"post_tag","embeddable":true,"href":"https:\/\/www.caririemacao.com\/1\/wp-json\/wp\/v2\/tags?post=81876"}],"curies":[{"name":"wp","href":"https:\/\/api.w.org\/{rel}","templated":true}]}}