{"id":81884,"date":"2019-01-21T13:11:10","date_gmt":"2019-01-21T16:11:10","guid":{"rendered":"http:\/\/www.caririemacao.com\/1\/?p=81884"},"modified":"2019-01-21T13:11:14","modified_gmt":"2019-01-21T16:11:14","slug":"bolsonaro-chega-a-suica-para-participar-do-forum-economico-mundial","status":"publish","type":"post","link":"https:\/\/www.caririemacao.com\/1\/2019\/01\/21\/bolsonaro-chega-a-suica-para-participar-do-forum-economico-mundial\/","title":{"rendered":"Bolsonaro chega \u00e0 Su\u00ed\u00e7a para participar do F\u00f3rum Econ\u00f4mico Mundial"},"content":{"rendered":"\n<p>O presidente Jair Bolsonaro chegou \u00e0 Su\u00ed\u00e7a no fim da manh\u00e3 (hor\u00e1rio de Bras\u00edlia) desta segunda-feira (21). Ele desembarcou em Zurique, primeira parada antes de Davos, cidade onde vai participar do F\u00f3rum Econ\u00f4mico Mundial.<\/p>\n\n\n\n<p>Esta \u00e9 a primeira viagem internacional de Bolsonaro como presidente. Ele foi \u00e0 Su\u00ed\u00e7a acompanhado dos ministros Ernesto Ara\u00fajo (Rela\u00e7\u00f5es Exteriores), da Economia (Paulo Guedes), S\u00e9rgio Moro (Justi\u00e7a e Seguran\u00e7a P\u00fablica), Gustavo Bebianno (Secretaria-Geral da Presid\u00eancia) e Augusto Heleno (Gabinete de Seguran\u00e7a Institucional). O deputado federal Eduardo Bolsonaro (PSL-SP), filho do presidente, tamb\u00e9m embarcou para Davos.<\/p>\n\n\n\n<p>O F\u00f3rum Econ\u00f4mico Mundial ser\u00e1 realizado entre ter\u00e7a (22) e sexta-feira (25) e reunir\u00e1 cerca de 250 autoridades do G20 (grupo que re\u00fane as 20 principais economias do mundo) e de outros pa\u00edses.<\/p>\n\n\n\n<p>No f\u00f3rum, os l\u00edderes mundiais discutir\u00e3o uma agenda econ\u00f4mica global, regional e industrial comum. O encontro deste ano tem como tema &#8220;Globaliza\u00e7\u00e3o 4.0: moldando uma arquitetura global na era da quarta revolu\u00e7\u00e3o industrial&#8221;.<\/p>\n\n\n\n<p>Os representantes brasileiros, de acordo com o governo, tentar\u00e3o destacar a import\u00e2ncia da reforma da Previd\u00eancia Social para as contas p\u00fablicas.<\/p>\n\n\n\n<p>Buscar\u00e3o, tamb\u00e9m, ampliar a participa\u00e7\u00e3o das exporta\u00e7\u00f5es no Produto Interno Bruto (PIB), tentando mostrar que o Brasil tem ambiente favor\u00e1vel aos neg\u00f3cios.<\/p>\n","protected":false},"excerpt":{"rendered":"<p>O presidente Jair Bolsonaro chegou \u00e0 Su\u00ed\u00e7a no fim da manh\u00e3 (hor\u00e1rio de Bras\u00edlia) desta segunda-feira (21). Ele desembarcou em Zurique, primeira parada antes de&hellip; <\/p>\n","protected":false},"author":1,"featured_media":81885,"comment_status":"closed","ping_status":"closed","sticky":false,"template":"","format":"standard","meta":{"sfsi_plus_gutenberg_text_before_share":"","sfsi_plus_gutenberg_show_text_before_share":"","sfsi_plus_gutenberg_icon_type":"","sfsi_plus_gutenberg_icon_alignemt":"","sfsi_plus_gutenburg_max_per_row":"","footnotes":""},"categories":[11],"tags":[],"class_list":["post-81884","post","type-post","status-publish","format-standard","has-post-thumbnail","hentry","category-politica"],"_links":{"self":[{"href":"https:\/\/www.caririemacao.com\/1\/wp-json\/wp\/v2\/posts\/81884","targetHints":{"allow":["GET"]}}],"collection":[{"href":"https:\/\/www.caririemacao.com\/1\/wp-json\/wp\/v2\/posts"}],"about":[{"href":"https:\/\/www.caririemacao.com\/1\/wp-json\/wp\/v2\/types\/post"}],"author":[{"embeddable":true,"href":"https:\/\/www.caririemacao.com\/1\/wp-json\/wp\/v2\/users\/1"}],"replies":[{"embeddable":true,"href":"https:\/\/www.caririemacao.com\/1\/wp-json\/wp\/v2\/comments?post=81884"}],"version-history":[{"count":1,"href":"https:\/\/www.caririemacao.com\/1\/wp-json\/wp\/v2\/posts\/81884\/revisions"}],"predecessor-version":[{"id":81886,"href":"https:\/\/www.caririemacao.com\/1\/wp-json\/wp\/v2\/posts\/81884\/revisions\/81886"}],"wp:featuredmedia":[{"embeddable":true,"href":"https:\/\/www.caririemacao.com\/1\/wp-json\/wp\/v2\/media\/81885"}],"wp:attachment":[{"href":"https:\/\/www.caririemacao.com\/1\/wp-json\/wp\/v2\/media?parent=81884"}],"wp:term":[{"taxonomy":"category","embeddable":true,"href":"https:\/\/www.caririemacao.com\/1\/wp-json\/wp\/v2\/categories?post=81884"},{"taxonomy":"post_tag","embeddable":true,"href":"https:\/\/www.caririemacao.com\/1\/wp-json\/wp\/v2\/tags?post=81884"}],"curies":[{"name":"wp","href":"https:\/\/api.w.org\/{rel}","templated":true}]}}