{"id":81887,"date":"2019-01-21T13:16:55","date_gmt":"2019-01-21T16:16:55","guid":{"rendered":"http:\/\/www.caririemacao.com\/1\/?p=81887"},"modified":"2019-01-21T13:16:58","modified_gmt":"2019-01-21T16:16:58","slug":"governo-federal-anuncia-que-a-infraero-sera-fechada-na-atual-gestao","status":"publish","type":"post","link":"https:\/\/www.caririemacao.com\/1\/2019\/01\/21\/governo-federal-anuncia-que-a-infraero-sera-fechada-na-atual-gestao\/","title":{"rendered":"Governo federal anuncia que a Infraero ser\u00e1 fechada na atual gest\u00e3o"},"content":{"rendered":"\n<p>Durante a gest\u00e3o do presidente Jair Bolsonaro, a estatal Infraero vai ser fechada, disse, nesta segunda-feira (21), Ronei Glanzmann, novo secret\u00e1rio de avia\u00e7\u00e3o civil do governo.<\/p>\n\n\n\n<p>\u201cAtendendo&nbsp;as diretrizes macroecon\u00f4micas do governo de redu\u00e7\u00e3o do Estado, a Infraero ser\u00e1 extinta ap\u00f3s a concess\u00e3o de todos os seus aeroportos\u201d, disse Glanzmann.<\/p>\n\n\n\n<p>O encerramento deve ocorrer ao final da sexta e da s\u00e9tima rodadas de concess\u00f5es de aeroportos previstas para acontecer at\u00e9 2021, que vai abranger os aeroportos de Congonhas e Santos Dumont.<\/p>\n\n\n\n<p>Segundo o novo chefe da SAC (secretaria de avia\u00e7\u00e3o civil do Minist\u00e9rio da Infraestrutura), uma parte dos funcion\u00e1rios da Infraero ir\u00e3o para a Nave, nova estatal cuja cria\u00e7\u00e3o foi anunciada em meados do ano passado para ficar respons\u00e1vel pelo controle do espa\u00e7o a\u00e9reo.<\/p>\n\n\n\n<p>\u201cO assunto extin\u00e7\u00e3o da Infraero e seus funcion\u00e1rios ser\u00e1 conduzido pelo governo federal com a m\u00e1xima responsabilidade e transpar\u00eancia. Estamos lidando com 10 mil fam\u00edlias e ningu\u00e9m vai ser louco de sair demitindo todo mundo a toque de caixa\u201d, disse.<\/p>\n\n\n\n<p>Ele lembrou que a nova diretoria da Infraero assumiu na semana passada.<br>Glanzmann falou tamb\u00e9m nesta segunda-feira sobre o destino de Viracopos, que est\u00e1 em recupera\u00e7\u00e3o judicial e tem um processo de caducidade na Anac (Ag\u00eancia Nacional de Avia\u00e7\u00e3o Civil).<\/p>\n\n\n\n<p>Ele disse que o governo \u00e9 entusiasta e apoiador de solu\u00e7\u00f5es de mercado, ou seja, que Viracopos seja vendido para um novo s\u00f3cio, mas em caso de fal\u00eancia ou caducidade, \u201co governo n\u00e3o pode ficar parado em rela\u00e7\u00e3o a esse assunto\u201d, disse o secret\u00e1rio.<\/p>\n\n\n\n<p>Ainda nesta semana ou antes do final do m\u00eas, o governo vai publicar um chamamento para estudos de viabilidade para a nova concess\u00e3o de Viracopos, segundo ele.<br>Glanzmann participou nesta segunda-feira da inaugura\u00e7\u00e3o do terminal de avia\u00e7\u00e3o geral em Guarulhos, o Gatgru, que resulta de um processo licitat\u00f3rio realizado pelo GRU Airport em 2017.<\/p>\n\n\n\n<p>O cons\u00f3rcio \u00e9 formado pelas empresas CFLY Aviation \u00e9 Jetex Flight Support.<\/p>\n\n\n\n<p>O novo terminal tem capacidade de p\u00e1tio para at\u00e9 39 jatos executivos e 200 passageiros por hora, em uma \u00e1rea de mais de 6 mil metros quadrados.<\/p>\n\n\n\n<p><\/p>\n\n\n\n<p>EBC <\/p>\n","protected":false},"excerpt":{"rendered":"<p>Durante a gest\u00e3o do presidente Jair Bolsonaro, a estatal Infraero vai ser fechada, disse, nesta segunda-feira (21), Ronei Glanzmann, novo secret\u00e1rio de avia\u00e7\u00e3o civil do&hellip; <\/p>\n","protected":false},"author":1,"featured_media":81888,"comment_status":"closed","ping_status":"closed","sticky":false,"template":"","format":"standard","meta":{"sfsi_plus_gutenberg_text_before_share":"","sfsi_plus_gutenberg_show_text_before_share":"","sfsi_plus_gutenberg_icon_type":"","sfsi_plus_gutenberg_icon_alignemt":"","sfsi_plus_gutenburg_max_per_row":"","footnotes":""},"categories":[11],"tags":[],"class_list":["post-81887","post","type-post","status-publish","format-standard","has-post-thumbnail","hentry","category-politica"],"_links":{"self":[{"href":"https:\/\/www.caririemacao.com\/1\/wp-json\/wp\/v2\/posts\/81887","targetHints":{"allow":["GET"]}}],"collection":[{"href":"https:\/\/www.caririemacao.com\/1\/wp-json\/wp\/v2\/posts"}],"about":[{"href":"https:\/\/www.caririemacao.com\/1\/wp-json\/wp\/v2\/types\/post"}],"author":[{"embeddable":true,"href":"https:\/\/www.caririemacao.com\/1\/wp-json\/wp\/v2\/users\/1"}],"replies":[{"embeddable":true,"href":"https:\/\/www.caririemacao.com\/1\/wp-json\/wp\/v2\/comments?post=81887"}],"version-history":[{"count":1,"href":"https:\/\/www.caririemacao.com\/1\/wp-json\/wp\/v2\/posts\/81887\/revisions"}],"predecessor-version":[{"id":81889,"href":"https:\/\/www.caririemacao.com\/1\/wp-json\/wp\/v2\/posts\/81887\/revisions\/81889"}],"wp:featuredmedia":[{"embeddable":true,"href":"https:\/\/www.caririemacao.com\/1\/wp-json\/wp\/v2\/media\/81888"}],"wp:attachment":[{"href":"https:\/\/www.caririemacao.com\/1\/wp-json\/wp\/v2\/media?parent=81887"}],"wp:term":[{"taxonomy":"category","embeddable":true,"href":"https:\/\/www.caririemacao.com\/1\/wp-json\/wp\/v2\/categories?post=81887"},{"taxonomy":"post_tag","embeddable":true,"href":"https:\/\/www.caririemacao.com\/1\/wp-json\/wp\/v2\/tags?post=81887"}],"curies":[{"name":"wp","href":"https:\/\/api.w.org\/{rel}","templated":true}]}}