{"id":81899,"date":"2019-01-21T13:33:49","date_gmt":"2019-01-21T16:33:49","guid":{"rendered":"http:\/\/www.caririemacao.com\/1\/?p=81899"},"modified":"2019-01-21T13:33:51","modified_gmt":"2019-01-21T16:33:51","slug":"ufcg-abre-inscricoes-para-o-vestibular-do-curso-de-educacao-do-campo-em-sume","status":"publish","type":"post","link":"https:\/\/www.caririemacao.com\/1\/2019\/01\/21\/ufcg-abre-inscricoes-para-o-vestibular-do-curso-de-educacao-do-campo-em-sume\/","title":{"rendered":"UFCG abre inscri\u00e7\u00f5es para o vestibular do curso de Educa\u00e7\u00e3o do Campo em Sum\u00e9"},"content":{"rendered":"\n<p>A Universidade Federal de Campina Grande (UFCG) abriu inscri\u00e7\u00f5es para a sele\u00e7\u00e3o do curso de gradua\u00e7\u00e3o em Educa\u00e7\u00e3o do Campo, ofertado no campus de Sum\u00e9. Est\u00e3o sendo oferecidas 50 vagas.<\/p>\n\n\n\n<p>Podem realizar inscri\u00e7\u00f5es os candidatos que tiverem realizado o Exame Nacional do Ensino M\u00e9dio (Enem) em qualquer dos anos entre 2014 e 2018 e preencham um dos seguintes requisitos: atue na agricultura familiar ou seja dependente de fam\u00edlia que realize essa forma de<\/p>\n\n\n\n<p>produ\u00e7\u00e3o; seja empregado rural ou seu dependente; seja assentado da Reforma Agr\u00e1ria ou seu dependente; seja professor em exerc\u00edcio do magist\u00e9rio do ensino fundamental e m\u00e9dio da rede p\u00fablica ou rede privada de ensino; seja quilombola, cigano ou pescador artesanal; ou seja integrante de movimento social do campo.<\/p>\n\n\n\n<p>As inscri\u00e7\u00f5es est\u00e3o sendo realizadas at\u00e9 o dia 31, no site da Comiss\u00e3o de Processos Vestibulares (Comprov).<\/p>\n\n\n\n<p>A taxa custa R$ 15. Os candidatos de baixa renda inscritos em programas sociais do Governo Federal est\u00e3o aptos a solicitar isen\u00e7\u00e3o.<\/p>\n\n\n\n<p>A sele\u00e7\u00e3o ser\u00e1 feita por meio da m\u00e9dia obtida no Enem e atrav\u00e9s de uma reda\u00e7\u00e3o sobre o tema na \u00e1rea da Educa\u00e7\u00e3o do Campo, como prova de Habilidade Espec\u00edfica, a ser aplicada no dia 12 de fevereiro.<\/p>\n\n\n\n<p>A primeira chamada ser\u00e1 divulgada no dia 18 de fevereiro. O cadastramento dos convocados deve ser realizado no dia 25 de fevereiro.<\/p>\n\n\n\n<p>A matricula em disciplinas acontece no dia seguinte, 26, e as aulas ter\u00e3o in\u00edcio no dia 11 de mar\u00e7o.<\/p>\n\n\n\n<p>Confira o&nbsp;<a href=\"http:\/\/www.comprov.ufcg.edu.br\/files\/Vestibulares\/2019\/educacao-campo\/Edital%20PRE%20N%C2%BA%2066-2018-%20Educa%C3%A7%C3%A3o%20do%20Campo%20-%20Vestibular%20%202019.1.pdf\" target=\"_blank\" rel=\"noreferrer noopener\">edital<\/a>.<\/p>\n","protected":false},"excerpt":{"rendered":"<p>A Universidade Federal de Campina Grande (UFCG) abriu inscri\u00e7\u00f5es para a sele\u00e7\u00e3o do curso de gradua\u00e7\u00e3o em Educa\u00e7\u00e3o do Campo, ofertado no campus de Sum\u00e9.&hellip; <\/p>\n","protected":false},"author":1,"featured_media":3662,"comment_status":"closed","ping_status":"closed","sticky":false,"template":"","format":"standard","meta":{"sfsi_plus_gutenberg_text_before_share":"","sfsi_plus_gutenberg_show_text_before_share":"","sfsi_plus_gutenberg_icon_type":"","sfsi_plus_gutenberg_icon_alignemt":"","sfsi_plus_gutenburg_max_per_row":"","footnotes":""},"categories":[50,2],"tags":[],"class_list":["post-81899","post","type-post","status-publish","format-standard","has-post-thumbnail","hentry","category-destaque","category-geral"],"_links":{"self":[{"href":"https:\/\/www.caririemacao.com\/1\/wp-json\/wp\/v2\/posts\/81899","targetHints":{"allow":["GET"]}}],"collection":[{"href":"https:\/\/www.caririemacao.com\/1\/wp-json\/wp\/v2\/posts"}],"about":[{"href":"https:\/\/www.caririemacao.com\/1\/wp-json\/wp\/v2\/types\/post"}],"author":[{"embeddable":true,"href":"https:\/\/www.caririemacao.com\/1\/wp-json\/wp\/v2\/users\/1"}],"replies":[{"embeddable":true,"href":"https:\/\/www.caririemacao.com\/1\/wp-json\/wp\/v2\/comments?post=81899"}],"version-history":[{"count":1,"href":"https:\/\/www.caririemacao.com\/1\/wp-json\/wp\/v2\/posts\/81899\/revisions"}],"predecessor-version":[{"id":81900,"href":"https:\/\/www.caririemacao.com\/1\/wp-json\/wp\/v2\/posts\/81899\/revisions\/81900"}],"wp:featuredmedia":[{"embeddable":true,"href":"https:\/\/www.caririemacao.com\/1\/wp-json\/wp\/v2\/media\/3662"}],"wp:attachment":[{"href":"https:\/\/www.caririemacao.com\/1\/wp-json\/wp\/v2\/media?parent=81899"}],"wp:term":[{"taxonomy":"category","embeddable":true,"href":"https:\/\/www.caririemacao.com\/1\/wp-json\/wp\/v2\/categories?post=81899"},{"taxonomy":"post_tag","embeddable":true,"href":"https:\/\/www.caririemacao.com\/1\/wp-json\/wp\/v2\/tags?post=81899"}],"curies":[{"name":"wp","href":"https:\/\/api.w.org\/{rel}","templated":true}]}}