{"id":82026,"date":"2019-01-22T20:49:26","date_gmt":"2019-01-22T23:49:26","guid":{"rendered":"http:\/\/www.caririemacao.com\/1\/?p=82026"},"modified":"2019-01-22T20:49:35","modified_gmt":"2019-01-22T23:49:35","slug":"apos-tentativa-de-fuga-em-massa-30-apenados-sao-transferidos-da-colonia-penal-de-sousa-na-pb","status":"publish","type":"post","link":"https:\/\/www.caririemacao.com\/1\/2019\/01\/22\/apos-tentativa-de-fuga-em-massa-30-apenados-sao-transferidos-da-colonia-penal-de-sousa-na-pb\/","title":{"rendered":"Ap\u00f3s tentativa de fuga em massa, 30 apenados s\u00e3o transferidos da Col\u00f4nia Penal de Sousa, na PB"},"content":{"rendered":"\n<p>Ao menos 30 presos foram transferidos da Col\u00f4nia Penal Agr\u00edcola de Sousa, no Sert\u00e3o paraibano, depois de uma&nbsp;<a href=\"https:\/\/g1.globo.com\/pb\/paraiba\/noticia\/2019\/01\/21\/dupla-armada-troca-tiros-com-policia-militar-na-colonia-penal-agricola-de-sousa-pb.ghtml\">tentativa de regate de detentos que ocorreu na madrugada da segunda-feira (21)<\/a>. As transfer\u00eancias foram realizadas no mesmo dia, mas as informa\u00e7\u00f5es s\u00f3 foram confirmadas nesta ter\u00e7a-feira (22).<\/p>\n\n\n\n<p>De acordo com o comandante do 14\u00ba Batalh\u00e3o de Pol\u00edcia Militar (14\u00baBPM), em Sousa, tenente-coronel Jurandy Pereira, os 30 presos foram divididos e transferidos para penitenci\u00e1rias de Patos, Cajazeiras e Campina Grande. Entre os transferidos estavam detentos considerados de alta periculosidade.<\/p>\n\n\n\n<p>A Pol\u00edcia Militar acredita que os dois homens que atiraram contra as guaritas na madrugada tentavam explodir o muro da unidade pra possibilitar a fuga em massa dos presos. No momento do ataque, dentro de unidade, dois pavilh\u00f5es j\u00e1 estavam com os port\u00f5es abertos, mas nenhum preso fugiu.<\/p>\n\n\n\n<p>Ainda na segunda-feira, a Pol\u00edcia Militar fez uma opera\u00e7\u00e3o \u201cPente Fino\u201d na unidade e encontrou cinco celulares, tr\u00eas canivetes e uma teresa (corda artesanal feita com peda\u00e7os de tecidos), que seria usada para facilitar a fuga.<\/p>\n","protected":false},"excerpt":{"rendered":"<p>Ao menos 30 presos foram transferidos da Col\u00f4nia Penal Agr\u00edcola de Sousa, no Sert\u00e3o paraibano, depois de uma&nbsp;tentativa de regate de detentos que ocorreu na&hellip; <\/p>\n","protected":false},"author":1,"featured_media":39138,"comment_status":"closed","ping_status":"closed","sticky":false,"template":"","format":"standard","meta":{"sfsi_plus_gutenberg_text_before_share":"","sfsi_plus_gutenberg_show_text_before_share":"","sfsi_plus_gutenberg_icon_type":"","sfsi_plus_gutenberg_icon_alignemt":"","sfsi_plus_gutenburg_max_per_row":"","footnotes":""},"categories":[6,11],"tags":[],"class_list":["post-82026","post","type-post","status-publish","format-standard","has-post-thumbnail","hentry","category-cidades","category-politica"],"_links":{"self":[{"href":"https:\/\/www.caririemacao.com\/1\/wp-json\/wp\/v2\/posts\/82026","targetHints":{"allow":["GET"]}}],"collection":[{"href":"https:\/\/www.caririemacao.com\/1\/wp-json\/wp\/v2\/posts"}],"about":[{"href":"https:\/\/www.caririemacao.com\/1\/wp-json\/wp\/v2\/types\/post"}],"author":[{"embeddable":true,"href":"https:\/\/www.caririemacao.com\/1\/wp-json\/wp\/v2\/users\/1"}],"replies":[{"embeddable":true,"href":"https:\/\/www.caririemacao.com\/1\/wp-json\/wp\/v2\/comments?post=82026"}],"version-history":[{"count":1,"href":"https:\/\/www.caririemacao.com\/1\/wp-json\/wp\/v2\/posts\/82026\/revisions"}],"predecessor-version":[{"id":82027,"href":"https:\/\/www.caririemacao.com\/1\/wp-json\/wp\/v2\/posts\/82026\/revisions\/82027"}],"wp:featuredmedia":[{"embeddable":true,"href":"https:\/\/www.caririemacao.com\/1\/wp-json\/wp\/v2\/media\/39138"}],"wp:attachment":[{"href":"https:\/\/www.caririemacao.com\/1\/wp-json\/wp\/v2\/media?parent=82026"}],"wp:term":[{"taxonomy":"category","embeddable":true,"href":"https:\/\/www.caririemacao.com\/1\/wp-json\/wp\/v2\/categories?post=82026"},{"taxonomy":"post_tag","embeddable":true,"href":"https:\/\/www.caririemacao.com\/1\/wp-json\/wp\/v2\/tags?post=82026"}],"curies":[{"name":"wp","href":"https:\/\/api.w.org\/{rel}","templated":true}]}}