{"id":82028,"date":"2019-01-22T21:10:10","date_gmt":"2019-01-23T00:10:10","guid":{"rendered":"http:\/\/www.caririemacao.com\/1\/?p=82028"},"modified":"2019-01-22T21:10:16","modified_gmt":"2019-01-23T00:10:16","slug":"em-davos-jair-bolsonaro-diz-que-por-ora-brasil-nao-vai-deixar-o-acordo-de-paris-sobre-o-clima","status":"publish","type":"post","link":"https:\/\/www.caririemacao.com\/1\/2019\/01\/22\/em-davos-jair-bolsonaro-diz-que-por-ora-brasil-nao-vai-deixar-o-acordo-de-paris-sobre-o-clima\/","title":{"rendered":"Em Davos, Jair Bolsonaro diz que, por ora, Brasil n\u00e3o vai deixar o Acordo de Paris sobre o clima"},"content":{"rendered":"\n<p>O presidente&nbsp;<a href=\"https:\/\/g1.globo.com\/politica\/politico\/jair-bolsonaro\/\">Jair Bolsonaro<\/a>&nbsp;disse nesta ter\u00e7a-feira (22), em encontro com executivos no F\u00f3rum Econ\u00f4mico Mundial, em Davos, na Su\u00ed\u00e7a, que por ora o Brasil n\u00e3o vai deixar o Acordo de Paris sobre o clima. A informa\u00e7\u00e3o \u00e9 do Jornal Nacional.<\/p>\n\n\n\n<p>O tratado mundial prev\u00ea a redu\u00e7\u00e3o da emiss\u00e3o de gases que aumentam a temperatura do planeta. O acordo foi fechado numa confer\u00eancia das Na\u00e7\u00f5es Unidas em 2015.<\/p>\n\n\n\n<p>Durante a campanha eleitoral, em setembro, Bolsonaro disse que,&nbsp;<a href=\"https:\/\/oglobo.globo.com\/economia\/bolsonaro-diz-que-pode-retirar-brasil-do-acordo-de-paris-se-eleito-23034956\">se eleito, poderia retirar o Brasil do Acordo de Paris<\/a>, que visa a redu\u00e7\u00e3o doa emiss\u00e3o de gases do efeito estufa. No m\u00eas seguinte, no entanto, afirmou que&nbsp;<a href=\"https:\/\/g1.globo.com\/rj\/rio-de-janeiro\/eleicoes\/2018\/noticia\/2018\/10\/25\/bolsonaro-diz-que-se-eleito-nao-vai-tirar-o-brasil-do-acordo-de-paris.ghtml\">n\u00e3o iria tirar o pa\u00eds do tratado<\/a>&nbsp;caso se tornasse presidente. Em dezembro, j\u00e1 eleito, afirmou que s\u00f3 ir\u00e1 sair&nbsp;<a href=\"https:\/\/g1.globo.com\/politica\/noticia\/2018\/12\/12\/bolsonaro-diz-que-ele-e-filho-pagarao-a-conta-se-houver-algo-de-errado-com-ex-assessor.ghtml\">se acordo n\u00e3o fosse alterado<\/a>.<\/p>\n\n\n\n<p>Na segunda-feira (21), o embaixador da Alemanha no pa\u00eds,&nbsp;<a href=\"https:\/\/g1.globo.com\/politica\/noticia\/2019\/01\/21\/embaixador-alemao-diz-que-brasil-precisa-explicar-acoes-sobre-direitos-humanos-e-clima.ghtml\">Georg Witschel, disse que o governo precisa adotar pol\u00edticas p\u00fablicas que expliquem melhor \u00e0 comunidade internacional<\/a>&nbsp;as inten\u00e7\u00f5es da nova gest\u00e3o nas \u00e1reas de direitos humanos e clima.<\/p>\n\n\n\n<p>Witschel deu a declara\u00e7\u00e3o no Pal\u00e1cio do Planalto, ap\u00f3s se reunir o presidente em exerc\u00edcio&nbsp;<a href=\"https:\/\/g1.globo.com\/politica\/politico\/antonio-hamilton-martins-mourao\/\">Hamilton Mour\u00e3o<\/a>.<\/p>\n\n\n\n<p>&#8220;Acho que \u00e9 importante que o governo fa\u00e7a uma pol\u00edtica p\u00fablica que explique as inten\u00e7\u00f5es, as reformas e tamb\u00e9m explique que os direitos humanos, a luta contra a mudan\u00e7a clim\u00e1tica continuar\u00e1. Estou otimista, mas temos afazeres juntos&#8221;, afirmou o embaixador.<\/p>\n\n\n\n<p>Mais cedo, em sua estreia em eventos internacionais, Bolsonaro discursou na abertura da sess\u00e3o plen\u00e1ria do F\u00f3rum, em Davos. Em sua fala,&nbsp;<a href=\"https:\/\/g1.globo.com\/politica\/noticia\/2019\/01\/22\/em-davos-bolsonaro-diz-que-brasil-e-pais-que-mais-preserva-meio-ambiente-e-defende-negocios-sem-vies-ideologico.ghtml\">o presidente disse que quer conciliar preserva\u00e7\u00e3o ambiental com avan\u00e7o econ\u00f4mico<\/a>.<\/p>\n\n\n\n<p>No discurso de pouco mais de seis minutos, Bolsonaro afirmou que:<\/p>\n\n\n\n<ul class=\"wp-block-list\"><li>o governo investir\u00e1 &#8220;pesado&#8221; em&nbsp;<strong>seguran\u00e7a<\/strong>&nbsp;para que estrangeiros visitem mais o Brasil<\/li><li>pretende &#8220;avan\u00e7ar&#8221; na compatibiliza\u00e7\u00e3o de&nbsp;<strong>preserva\u00e7\u00e3o ambiental e desenvolvimento econ\u00f4mico<\/strong><\/li><li>diminuir\u00e1 a&nbsp;<strong>carga tribut\u00e1ria<\/strong>&nbsp;para &#8220;facilitar a vida&#8221; de quem produz<\/li><li>trabalhar\u00e1 pela&nbsp;<strong>estabilidade macroecon\u00f4mica<\/strong><\/li><li>respeitar\u00e1&nbsp;<strong>contratos<\/strong><\/li><li>promover\u00e1&nbsp;<strong>privatiza\u00e7\u00f5es<\/strong><\/li><li>far\u00e1 o equil\u00edbrio das&nbsp;<strong>contas p\u00fablicas<\/strong><\/li><li>colocar\u00e1 o Brasil no ranking dos 50 melhores pa\u00edses para se fazer&nbsp;<strong>neg\u00f3cios<\/strong><\/li><li>far\u00e1 a &#8220;defesa ativa&#8221; da&nbsp;<strong>reforma da Organiza\u00e7\u00e3o Mundial do Com\u00e9rcio<\/strong>&nbsp;(OMC)<\/li><li>defender\u00e1 a&nbsp;<strong>fam\u00edlia<\/strong>&nbsp;e os &#8220;verdadeiros&#8221;&nbsp;<strong>direitos humanos<\/strong><\/li><li>proteger\u00e1 o&nbsp;<strong>direito \u00e0 vida<\/strong>&nbsp;e \u00e0&nbsp;<strong>propriedade privada<\/strong><\/li><li>promover\u00e1 uma&nbsp;<strong>educa\u00e7\u00e3o<\/strong>&nbsp;voltada aos desafios da &#8220;quarta revolu\u00e7\u00e3o industrial&#8221;, que consiste na aplica\u00e7\u00e3o de tecnologias modernas (como intelig\u00eancia artificial, automa\u00e7\u00e3o e 5G) na ind\u00fastria<\/li><\/ul>\n","protected":false},"excerpt":{"rendered":"<p>O presidente&nbsp;Jair Bolsonaro&nbsp;disse nesta ter\u00e7a-feira (22), em encontro com executivos no F\u00f3rum Econ\u00f4mico Mundial, em Davos, na Su\u00ed\u00e7a, que por ora o Brasil n\u00e3o vai&hellip; <\/p>\n","protected":false},"author":1,"featured_media":81075,"comment_status":"closed","ping_status":"closed","sticky":false,"template":"","format":"standard","meta":{"sfsi_plus_gutenberg_text_before_share":"","sfsi_plus_gutenberg_show_text_before_share":"","sfsi_plus_gutenberg_icon_type":"","sfsi_plus_gutenberg_icon_alignemt":"","sfsi_plus_gutenburg_max_per_row":"","footnotes":""},"categories":[11],"tags":[],"class_list":["post-82028","post","type-post","status-publish","format-standard","has-post-thumbnail","hentry","category-politica"],"_links":{"self":[{"href":"https:\/\/www.caririemacao.com\/1\/wp-json\/wp\/v2\/posts\/82028","targetHints":{"allow":["GET"]}}],"collection":[{"href":"https:\/\/www.caririemacao.com\/1\/wp-json\/wp\/v2\/posts"}],"about":[{"href":"https:\/\/www.caririemacao.com\/1\/wp-json\/wp\/v2\/types\/post"}],"author":[{"embeddable":true,"href":"https:\/\/www.caririemacao.com\/1\/wp-json\/wp\/v2\/users\/1"}],"replies":[{"embeddable":true,"href":"https:\/\/www.caririemacao.com\/1\/wp-json\/wp\/v2\/comments?post=82028"}],"version-history":[{"count":1,"href":"https:\/\/www.caririemacao.com\/1\/wp-json\/wp\/v2\/posts\/82028\/revisions"}],"predecessor-version":[{"id":82029,"href":"https:\/\/www.caririemacao.com\/1\/wp-json\/wp\/v2\/posts\/82028\/revisions\/82029"}],"wp:featuredmedia":[{"embeddable":true,"href":"https:\/\/www.caririemacao.com\/1\/wp-json\/wp\/v2\/media\/81075"}],"wp:attachment":[{"href":"https:\/\/www.caririemacao.com\/1\/wp-json\/wp\/v2\/media?parent=82028"}],"wp:term":[{"taxonomy":"category","embeddable":true,"href":"https:\/\/www.caririemacao.com\/1\/wp-json\/wp\/v2\/categories?post=82028"},{"taxonomy":"post_tag","embeddable":true,"href":"https:\/\/www.caririemacao.com\/1\/wp-json\/wp\/v2\/tags?post=82028"}],"curies":[{"name":"wp","href":"https:\/\/api.w.org\/{rel}","templated":true}]}}