{"id":82030,"date":"2019-01-22T21:24:26","date_gmt":"2019-01-23T00:24:26","guid":{"rendered":"http:\/\/www.caririemacao.com\/1\/?p=82030"},"modified":"2019-01-22T21:24:31","modified_gmt":"2019-01-23T00:24:31","slug":"gracas-a-uma-emenda-do-deputado-efraim-filho-prefeitura-de-sao-sebastiao-do-umbuzeiro-entrega-ambulancia-modelo-samu","status":"publish","type":"post","link":"https:\/\/www.caririemacao.com\/1\/2019\/01\/22\/gracas-a-uma-emenda-do-deputado-efraim-filho-prefeitura-de-sao-sebastiao-do-umbuzeiro-entrega-ambulancia-modelo-samu\/","title":{"rendered":"Gra\u00e7as a uma emenda do Deputado Efraim Filho Prefeitura de S\u00e3o Sebasti\u00e3o do Umbuzeiro entrega ambul\u00e2ncia Modelo Samu"},"content":{"rendered":"\n<p>A prefeitura Municipal de S\u00e3o Sebasti\u00e3o do Umbuzeiro, atrav\u00e9s do prefeito Adriano Wolff, entregou nesta ter\u00e7a-feira (22), \u00a0\u00e0 popula\u00e7\u00e3o, uma ambul\u00e2ncia modelo SAMU Mercedez Benz, 0 kil\u00f4metro adquirida pela atual \u00a0gest\u00e3o atrav\u00e9s de emenda no valor de 170 mil reais do deputado federal Efraim Filho.<\/p>\n\n\n\n<figure class=\"wp-block-image\"><img decoding=\"async\" data-src=\"http:\/\/www.blogdodidi.com.br\/wp-content\/uploads\/2019\/01\/DSC06232.jpg\" alt=\"\" class=\"wp-image-82387 lazyload\" src=\"data:image\/svg+xml;base64,PHN2ZyB3aWR0aD0iMSIgaGVpZ2h0PSIxIiB4bWxucz0iaHR0cDovL3d3dy53My5vcmcvMjAwMC9zdmciPjwvc3ZnPg==\" \/><\/figure>\n\n\n\n<p>O ve\u00edculo \u00e9 o que h\u00e1 de mais moderno em sua categoria de servi\u00e7o, e far\u00e1 toda a diferen\u00e7a na sua utiliza\u00e7\u00e3o para salvar vidas e ajudar nas necessidades da popula\u00e7\u00e3o na \u00e1rea da sa\u00fade.<\/p>\n\n\n\n<figure class=\"wp-block-image\"><img decoding=\"async\" data-src=\"https:\/\/scontent.fcpv6-1.fna.fbcdn.net\/v\/t1.15752-9\/50539597_289129421715622_9057329649163436032_n.jpg?_nc_cat=110&amp;_nc_ht=scontent.fcpv6-1.fna&amp;oh=d6a1b6da24c7a80f17c8c198d32d28a0&amp;oe=5CB4C3E2\" alt=\"\" src=\"data:image\/svg+xml;base64,PHN2ZyB3aWR0aD0iMSIgaGVpZ2h0PSIxIiB4bWxucz0iaHR0cDovL3d3dy53My5vcmcvMjAwMC9zdmciPjwvc3ZnPg==\" class=\"lazyload\" \/><\/figure>\n\n\n\n<p>A solenidade de entrega aconteceu na Unidade de Sa\u00fade Porcina Pereira da Silva, com as presen\u00e7as do prefeito Adriano Wolff, do vice-prefeito Chico de Mariano, do secret\u00e1rio municipal de Sa\u00fade, M\u00e1rcio Neves, e dos vereadores Denis, C\u00edcero Lira, J\u00e1ilson, Bernardes, Z\u00e9 de Dita e da vereadora Celinha.<\/p>\n\n\n\n<figure class=\"wp-block-image\"><img decoding=\"async\" data-src=\"http:\/\/www.blogdodidi.com.br\/wp-content\/uploads\/2019\/01\/DSC06229.jpg\" alt=\"\" class=\"wp-image-82388 lazyload\" src=\"data:image\/svg+xml;base64,PHN2ZyB3aWR0aD0iMSIgaGVpZ2h0PSIxIiB4bWxucz0iaHR0cDovL3d3dy53My5vcmcvMjAwMC9zdmciPjwvc3ZnPg==\" \/><\/figure>\n\n\n\n<p>Este \u00e9 o 10\u00ba ve\u00edculo entregue pelo prefeito Adriano dentro de apenas dois anos de sua gest\u00e3o, promovendo uma verdadeira renova\u00e7\u00e3o na frota municipal e levando mais qualidade de vida para os umbuzeirenses.<\/p>\n\n\n\n<figure class=\"wp-block-image\"><img decoding=\"async\" data-src=\"https:\/\/scontent.fcpv6-1.fna.fbcdn.net\/v\/t1.15752-9\/50846618_370788916834356_3569944797454008320_n.jpg?_nc_cat=111&amp;_nc_ht=scontent.fcpv6-1.fna&amp;oh=d8844ba800f707064d257dbaa51896a5&amp;oe=5CCD917C\" alt=\"\" src=\"data:image\/svg+xml;base64,PHN2ZyB3aWR0aD0iMSIgaGVpZ2h0PSIxIiB4bWxucz0iaHR0cDovL3d3dy53My5vcmcvMjAwMC9zdmciPjwvc3ZnPg==\" class=\"lazyload\" \/><\/figure>\n\n\n\n<p>A nova unidade passa a ser operacionalizada imediatamente, possibilitando de essa forma atendimento adequada para a popula\u00e7\u00e3o de S\u00e3o Sebasti\u00e3o do Umbuzeiro. Disse o prefeito Adriano Wolff.<\/p>\n\n\n\n<figure class=\"wp-block-image\"><img decoding=\"async\" data-src=\"http:\/\/www.blogdodidi.com.br\/wp-content\/uploads\/2019\/01\/DSC06228.jpg\" alt=\"\" class=\"wp-image-82389 lazyload\" src=\"data:image\/svg+xml;base64,PHN2ZyB3aWR0aD0iMSIgaGVpZ2h0PSIxIiB4bWxucz0iaHR0cDovL3d3dy53My5vcmcvMjAwMC9zdmciPjwvc3ZnPg==\" \/><\/figure>\n\n\n\n<p>blog do didi<\/p>\n","protected":false},"excerpt":{"rendered":"<p>A prefeitura Municipal de S\u00e3o Sebasti\u00e3o do Umbuzeiro, atrav\u00e9s do prefeito Adriano Wolff, entregou nesta ter\u00e7a-feira (22), \u00a0\u00e0 popula\u00e7\u00e3o, uma ambul\u00e2ncia modelo SAMU Mercedez Benz,&hellip; <\/p>\n","protected":false},"author":1,"featured_media":82031,"comment_status":"closed","ping_status":"closed","sticky":false,"template":"","format":"standard","meta":{"sfsi_plus_gutenberg_text_before_share":"","sfsi_plus_gutenberg_show_text_before_share":"","sfsi_plus_gutenberg_icon_type":"","sfsi_plus_gutenberg_icon_alignemt":"","sfsi_plus_gutenburg_max_per_row":"","footnotes":""},"categories":[50,2],"tags":[],"class_list":["post-82030","post","type-post","status-publish","format-standard","has-post-thumbnail","hentry","category-destaque","category-geral"],"_links":{"self":[{"href":"https:\/\/www.caririemacao.com\/1\/wp-json\/wp\/v2\/posts\/82030","targetHints":{"allow":["GET"]}}],"collection":[{"href":"https:\/\/www.caririemacao.com\/1\/wp-json\/wp\/v2\/posts"}],"about":[{"href":"https:\/\/www.caririemacao.com\/1\/wp-json\/wp\/v2\/types\/post"}],"author":[{"embeddable":true,"href":"https:\/\/www.caririemacao.com\/1\/wp-json\/wp\/v2\/users\/1"}],"replies":[{"embeddable":true,"href":"https:\/\/www.caririemacao.com\/1\/wp-json\/wp\/v2\/comments?post=82030"}],"version-history":[{"count":1,"href":"https:\/\/www.caririemacao.com\/1\/wp-json\/wp\/v2\/posts\/82030\/revisions"}],"predecessor-version":[{"id":82032,"href":"https:\/\/www.caririemacao.com\/1\/wp-json\/wp\/v2\/posts\/82030\/revisions\/82032"}],"wp:featuredmedia":[{"embeddable":true,"href":"https:\/\/www.caririemacao.com\/1\/wp-json\/wp\/v2\/media\/82031"}],"wp:attachment":[{"href":"https:\/\/www.caririemacao.com\/1\/wp-json\/wp\/v2\/media?parent=82030"}],"wp:term":[{"taxonomy":"category","embeddable":true,"href":"https:\/\/www.caririemacao.com\/1\/wp-json\/wp\/v2\/categories?post=82030"},{"taxonomy":"post_tag","embeddable":true,"href":"https:\/\/www.caririemacao.com\/1\/wp-json\/wp\/v2\/tags?post=82030"}],"curies":[{"name":"wp","href":"https:\/\/api.w.org\/{rel}","templated":true}]}}