{"id":82033,"date":"2019-01-23T05:37:35","date_gmt":"2019-01-23T08:37:35","guid":{"rendered":"http:\/\/www.caririemacao.com\/1\/?p=82033"},"modified":"2019-01-23T05:37:37","modified_gmt":"2019-01-23T08:37:37","slug":"quase-40-celulares-furtados-sao-recuperados-em-santa-rita-na-pb-diz-policia-militar","status":"publish","type":"post","link":"https:\/\/www.caririemacao.com\/1\/2019\/01\/23\/quase-40-celulares-furtados-sao-recuperados-em-santa-rita-na-pb-diz-policia-militar\/","title":{"rendered":"Quase 40 celulares furtados s\u00e3o recuperados em Santa Rita, na PB, diz Pol\u00edcia Militar"},"content":{"rendered":"\n<p>Ao todo, 38 celulares que haviam sido furtados foram recuperados nesta ter\u00e7a-feira (22), no munic\u00edpio de Santa Rita, localizado na Regi\u00e3o Metropolitana de Jo\u00e3o Pessoa, segundo a Pol\u00edcia Militar. Al\u00e9m disso, a PM informou que dois homens suspeitos de atuarem em uma quadrilha especializada nesse tipo de crime foram detidos.<\/p>\n\n\n\n<p>A suspeita da PM \u00e9 de que os celulares recuperados tenham sido furtados durante a 94\u00aa edi\u00e7\u00e3o da Festa de S\u00e3o Sebasti\u00e3o &#8211; que aconteceu do dia 18 ao dia 20 deste m\u00eas, no munic\u00edpio de Mari, situado na Mata paraibana &#8211; e em um festival de ver\u00e3o realizado no \u00faltimo s\u00e1bado (19), em Cabedelo.<\/p>\n\n\n\n<p>A assessoria de imprensa da PM salientou que, embora 39 aparelhos tenham sido apreendidos, as informa\u00e7\u00f5es inicais apontam que um desses pertencia a um dos suspeitos.<\/p>\n\n\n\n<p>De acordo com a Pol\u00edcia Militar, as pris\u00f5es e a apreens\u00e3o ocorreram em uma casa, no bairro de Tibiri. A For\u00e7a T\u00e1tica do 7\u00ba Batalh\u00e3o chegou at\u00e9 o local ao seguir o rastreador de um dos aparelhos furtados.<\/p>\n\n\n\n<p>A PM afirmou que um dos suspeitos, que foi encontrado em frente \u00e0 resid\u00eancia, confessou que estava com os celulares. Os aparelhos foram achados em um compartimento falso do telhado, dentro de um quarto e em um carro que estava estacionado.<\/p>\n\n\n\n<p>Conforme a PM, ap\u00f3s a pris\u00e3o desse primeiro homem, a equipe chegou at\u00e9 um segundo suspeito. Os policiais da for\u00e7a-t\u00e1tica relataram que, ao perceber que seria abordado, ele teria acessado um grupo em um aplicativo de mensagens para excluir os integrantes. Isso levanta a suspeita de que a quadrilha utilizava o grupo como canal para planejar e trocar informa\u00e7\u00f5es sobre o furto e o destino dos aparelhos.<\/p>\n\n\n\n<p>Os suspeitos e o material apreendido foram levados para a 14\u00aa Delegacia Distrital, localizada tamb\u00e9m no bairro de Tibiri. Segundo a Pol\u00edcia Militar, pessoas que tiveram os celulares roubados durante esses eventos podem procurar a delegacia.<\/p>\n\n\n\n<p>G1<\/p>\n","protected":false},"excerpt":{"rendered":"<p>Ao todo, 38 celulares que haviam sido furtados foram recuperados nesta ter\u00e7a-feira (22), no munic\u00edpio de Santa Rita, localizado na Regi\u00e3o Metropolitana de Jo\u00e3o Pessoa,&hellip; <\/p>\n","protected":false},"author":1,"featured_media":82034,"comment_status":"closed","ping_status":"closed","sticky":false,"template":"","format":"standard","meta":{"sfsi_plus_gutenberg_text_before_share":"","sfsi_plus_gutenberg_show_text_before_share":"","sfsi_plus_gutenberg_icon_type":"","sfsi_plus_gutenberg_icon_alignemt":"","sfsi_plus_gutenburg_max_per_row":"","footnotes":""},"categories":[12],"tags":[],"class_list":["post-82033","post","type-post","status-publish","format-standard","has-post-thumbnail","hentry","category-policia"],"_links":{"self":[{"href":"https:\/\/www.caririemacao.com\/1\/wp-json\/wp\/v2\/posts\/82033","targetHints":{"allow":["GET"]}}],"collection":[{"href":"https:\/\/www.caririemacao.com\/1\/wp-json\/wp\/v2\/posts"}],"about":[{"href":"https:\/\/www.caririemacao.com\/1\/wp-json\/wp\/v2\/types\/post"}],"author":[{"embeddable":true,"href":"https:\/\/www.caririemacao.com\/1\/wp-json\/wp\/v2\/users\/1"}],"replies":[{"embeddable":true,"href":"https:\/\/www.caririemacao.com\/1\/wp-json\/wp\/v2\/comments?post=82033"}],"version-history":[{"count":1,"href":"https:\/\/www.caririemacao.com\/1\/wp-json\/wp\/v2\/posts\/82033\/revisions"}],"predecessor-version":[{"id":82035,"href":"https:\/\/www.caririemacao.com\/1\/wp-json\/wp\/v2\/posts\/82033\/revisions\/82035"}],"wp:featuredmedia":[{"embeddable":true,"href":"https:\/\/www.caririemacao.com\/1\/wp-json\/wp\/v2\/media\/82034"}],"wp:attachment":[{"href":"https:\/\/www.caririemacao.com\/1\/wp-json\/wp\/v2\/media?parent=82033"}],"wp:term":[{"taxonomy":"category","embeddable":true,"href":"https:\/\/www.caririemacao.com\/1\/wp-json\/wp\/v2\/categories?post=82033"},{"taxonomy":"post_tag","embeddable":true,"href":"https:\/\/www.caririemacao.com\/1\/wp-json\/wp\/v2\/tags?post=82033"}],"curies":[{"name":"wp","href":"https:\/\/api.w.org\/{rel}","templated":true}]}}